{"id":47993,"date":"2025-10-09T11:48:08","date_gmt":"2025-10-09T14:48:08","guid":{"rendered":"https:\/\/masquenoticiastucuman.com.ar\/?p=47993"},"modified":"2025-10-09T11:48:08","modified_gmt":"2025-10-09T14:48:08","slug":"la-escuela-patricias-argentinas-estrena-mejoras-en-su-infraestructura","status":"publish","type":"post","link":"https:\/\/masquenoticiastucuman.com.ar\/?p=47993","title":{"rendered":"La Escuela Patricias Argentinas estrena mejoras en su infraestructura"},"content":{"rendered":"\n<p>El establecimiento educativo fue refaccionado por el Ministerio de Obras, Infraestructura y Transporte P\u00fablico.<\/p>\n\n\n\n<p id=\"isPasted\">El Gobierno de Tucum\u00e1n, a trav\u00e9s del Ministerio de Obras, Infraestructura y Transporte P\u00fablico, celebr\u00f3 la finalizaci\u00f3n de un importante plan de refacciones integrales en la&nbsp;<strong>Escuela Patricias Argentinas<\/strong>, ubicada en Mate de Luna y Thames. Los trabajos, realizados por el Ente de Infraestructura Comunitaria, fueron destacados durante el acto por el D\u00eda de la Diversidad Cultural, poniendo en valor la inversi\u00f3n en el mantenimiento y embellecimiento de los edificios escolares.<\/p>\n\n\n\n<p>Las refacciones abarcaron una pintura exterior completa de aproximadamente 800 m\u00b2 de la escuela, mejorando sustancialmente su imagen. A su vez, se realizaron obras de alba\u00f1iler\u00eda en el sal\u00f3n de usos m\u00faltiples (SUM), se solucionaron problemas de plomer\u00eda, se arreglaron techos y canaletas y se ejecutaron trabajos de alba\u00f1iler\u00eda menor. En los espacios exteriores, se llev\u00f3 a cabo una exhaustiva limpieza, desmalezamiento y fumigaci\u00f3n, garantizando un entorno seguro y agradable para los estudiantes y docentes.<\/p>\n\n\n\n<p>El acto fue encabezado por el secretario de Obras P\u00fablicas,&nbsp;<strong>Jorge Chrestia<\/strong>, en representaci\u00f3n del Ministerio de Obras y la gesti\u00f3n impulsada por el gobernador&nbsp;<strong>Osvaldo Jaldo<\/strong>. Estuvieron presentes tambi\u00e9n el administrador del Ente de Infraestructura Comunitaria,&nbsp;<strong>Armando Cortalezzi;&nbsp;<\/strong>el subadministrador,&nbsp;<strong>Rodrigo G\u00f3mez Salas;<\/strong>&nbsp;y autoridades de la instituci\u00f3n educativa, como la directora&nbsp;<strong>Mariana Perdig\u00f3n Peralta<\/strong>&nbsp;y la subdirectora&nbsp;<strong>Rossana Coronel.<\/strong><\/p>\n\n\n\n<figure class=\"wp-block-image size-large\"><img decoding=\"async\" src=\"https:\/\/masquenoticiastucuman.com.ar\/wp-content\/uploads\/2025\/10\/251009112811_41212-1024x768.jpg\" alt=\"\" class=\"wp-image-47994\" \/><\/figure>\n\n\n\n<p>El secretario Chrestia destac\u00f3 la sinergia de los organismos en favor de la educaci\u00f3n:&nbsp;<strong>&#8220;La refacci\u00f3n y el mantenimiento de las escuelas es una prioridad que nos encomend\u00f3 el gobernador, y que realiza el ministro Marcelo Nazur.<\/strong>&nbsp;Ver el resultado de estos trabajos, que incluyen desde la pintura exterior completa hasta el arreglo de techos y plomer\u00eda, nos confirma que estamos invirtiendo en el futuro de los ni\u00f1os y j\u00f3venes tucumanos. A trav\u00e9s del Ministerio de Obras, seguiremos trabajando sin descanso para garantizar que la infraestructura est\u00e9 siempre a la altura de la excelencia educativa que merece nuestra provincia&#8221;.<\/p>\n\n\n\n<p>Con la entrega de estas refacciones, en coordinaci\u00f3n, los ministerios Obras y Educaci\u00f3n reafirman el compromiso con la educaci\u00f3n p\u00fablica y el bienestar de la comunidad, asegurando que los estudiantes desarrollen sus actividades en espacios renovados, funcionales y seguros.<\/p>\n","protected":false},"excerpt":{"rendered":"<p>El establecimiento educativo fue refaccionado por el Ministerio de Obras, Infraestructura y Transporte P\u00fablico. El&#8230;<\/p>\n","protected":false},"author":2,"featured_media":0,"comment_status":"open","ping_status":"open","sticky":false,"template":"","format":"standard","meta":{"footnotes":""},"categories":[2],"tags":[],"class_list":["post-47993","post","type-post","status-publish","format-standard","hentry","category-locales"],"_links":{"self":[{"href":"https:\/\/masquenoticiastucuman.com.ar\/index.php?rest_route=\/wp\/v2\/posts\/47993","targetHints":{"allow":["GET"]}}],"collection":[{"href":"https:\/\/masquenoticiastucuman.com.ar\/index.php?rest_route=\/wp\/v2\/posts"}],"about":[{"href":"https:\/\/masquenoticiastucuman.com.ar\/index.php?rest_route=\/wp\/v2\/types\/post"}],"author":[{"embeddable":true,"href":"https:\/\/masquenoticiastucuman.com.ar\/index.php?rest_route=\/wp\/v2\/users\/2"}],"replies":[{"embeddable":true,"href":"https:\/\/masquenoticiastucuman.com.ar\/index.php?rest_route=%2Fwp%2Fv2%2Fcomments&post=47993"}],"version-history":[{"count":1,"href":"https:\/\/masquenoticiastucuman.com.ar\/index.php?rest_route=\/wp\/v2\/posts\/47993\/revisions"}],"predecessor-version":[{"id":47996,"href":"https:\/\/masquenoticiastucuman.com.ar\/index.php?rest_route=\/wp\/v2\/posts\/47993\/revisions\/47996"}],"wp:attachment":[{"href":"https:\/\/masquenoticiastucuman.com.ar\/index.php?rest_route=%2Fwp%2Fv2%2Fmedia&parent=47993"}],"wp:term":[{"taxonomy":"category","embeddable":true,"href":"https:\/\/masquenoticiastucuman.com.ar\/index.php?rest_route=%2Fwp%2Fv2%2Fcategories&post=47993"},{"taxonomy":"post_tag","embeddable":true,"href":"https:\/\/masquenoticiastucuman.com.ar\/index.php?rest_route=%2Fwp%2Fv2%2Ftags&post=47993"}],"curies":[{"name":"wp","href":"https:\/\/api.w.org\/{rel}","templated":true}]}}