{"id":47997,"date":"2025-10-09T12:01:02","date_gmt":"2025-10-09T15:01:02","guid":{"rendered":"http:\/\/masquenoticiastucuman.com.ar\/?p=47997"},"modified":"2025-10-09T12:01:02","modified_gmt":"2025-10-09T15:01:02","slug":"anuga-2025-en-la-feria-de-alimentos-mas-grande-de-europa-se-ratifico-las-buenas-perspectivas-para-la-carne-vacuna-argentina","status":"publish","type":"post","link":"https:\/\/masquenoticiastucuman.com.ar\/?p=47997","title":{"rendered":"Anuga 2025: en la feria de alimentos m\u00e1s grande de Europa se ratific\u00f3 las buenas perspectivas para la carne vacuna argentina"},"content":{"rendered":"<ul>\n<li>En un mercado demandante, las 32 empresas exportadoras que acompa\u00f1aron al IPCVA trabajaron intensamente. <\/li>\n<li>Adem\u00e1s, la Argentina present\u00f3 ante los importadores y las autoridades europeas el sistema por el cual garantizar\u00e1 el env\u00edo de carne libre de deforestaci\u00f3n<\/li>\n<\/ul>","protected":false},"excerpt":{"rendered":"<p>En un mercado demandante, las 32 empresas exportadoras que acompa\u00f1aron al IPCVA trabajaron intensamente. Adem\u00e1s,&#8230;<\/p>\n","protected":false},"author":1,"featured_media":0,"comment_status":"open","ping_status":"open","sticky":false,"template":"","format":"standard","meta":{"footnotes":""},"categories":[],"tags":[],"class_list":["post-47997","post","type-post","status-publish","format-standard","hentry"],"_links":{"self":[{"href":"https:\/\/masquenoticiastucuman.com.ar\/index.php?rest_route=\/wp\/v2\/posts\/47997","targetHints":{"allow":["GET"]}}],"collection":[{"href":"https:\/\/masquenoticiastucuman.com.ar\/index.php?rest_route=\/wp\/v2\/posts"}],"about":[{"href":"https:\/\/masquenoticiastucuman.com.ar\/index.php?rest_route=\/wp\/v2\/types\/post"}],"author":[{"embeddable":true,"href":"https:\/\/masquenoticiastucuman.com.ar\/index.php?rest_route=\/wp\/v2\/users\/1"}],"replies":[{"embeddable":true,"href":"https:\/\/masquenoticiastucuman.com.ar\/index.php?rest_route=%2Fwp%2Fv2%2Fcomments&post=47997"}],"version-history":[{"count":0,"href":"https:\/\/masquenoticiastucuman.com.ar\/index.php?rest_route=\/wp\/v2\/posts\/47997\/revisions"}],"wp:attachment":[{"href":"https:\/\/masquenoticiastucuman.com.ar\/index.php?rest_route=%2Fwp%2Fv2%2Fmedia&parent=47997"}],"wp:term":[{"taxonomy":"category","embeddable":true,"href":"https:\/\/masquenoticiastucuman.com.ar\/index.php?rest_route=%2Fwp%2Fv2%2Fcategories&post=47997"},{"taxonomy":"post_tag","embeddable":true,"href":"https:\/\/masquenoticiastucuman.com.ar\/index.php?rest_route=%2Fwp%2Fv2%2Ftags&post=47997"}],"curies":[{"name":"wp","href":"https:\/\/api.w.org\/{rel}","templated":true}]}}