{"id":48011,"date":"2025-10-09T21:31:04","date_gmt":"2025-10-10T00:31:04","guid":{"rendered":"http:\/\/masquenoticiastucuman.com.ar\/?p=48011"},"modified":"2025-10-09T21:31:04","modified_gmt":"2025-10-10T00:31:04","slug":"el-ultimo-deseo-de-russo-se-lo-cumplira-rosario-central-sus-cenizas-seran-esparcidas-en-el-estadio-gigante-de-arroyito","status":"publish","type":"post","link":"https:\/\/masquenoticiastucuman.com.ar\/?p=48011","title":{"rendered":"El \u00faltimo deseo de Russo se lo cumplir\u00e1 Rosario Central: sus cenizas ser\u00e1n esparcidas en el estadio Gigante de Arroyito"},"content":{"rendered":"<ul>\n<li>As\u00ed lo revel\u00f3 Gonzalo Belloso, el presidente del &#8216;Canalla&#8217;.<\/li>\n<li>Ser\u00e1 el domingo 19 de octubre por la fecha 13 del Torneo Clausura y contra Platense, el rival contra el que fue campe\u00f3n por \u00faltima vez.<\/li>\n<\/ul>\n<p>\u200bAs\u00ed lo revel\u00f3 Gonzalo Belloso, el presidente del &#8216;Canalla&#8217;.Ser\u00e1 el domingo 19 de octubre por la fecha 13 del Torneo Clausura y contra Platense, el rival contra el que fue campe\u00f3n por \u00faltima vez.\u00a0<a href=\"https:\/\/www.clarin.com\/deportes\/ultimo-deseo-russo-cumplira-rosario-central-cenizas-esparcidas-estadio-gigante-arroyito_0_cy7OltWoBz.html\" target=\"_blank\" class=\"feedzy-rss-link-icon\">Read More<\/a><\/p>","protected":false},"excerpt":{"rendered":"<p>As\u00ed lo revel\u00f3 Gonzalo Belloso, el presidente del &#8216;Canalla&#8217;. Ser\u00e1 el domingo 19 de octubre&#8230;<\/p>\n","protected":false},"author":1,"featured_media":0,"comment_status":"open","ping_status":"open","sticky":false,"template":"","format":"standard","meta":{"footnotes":""},"categories":[1],"tags":[],"class_list":["post-48011","post","type-post","status-publish","format-standard","hentry","category-uncategorized"],"_links":{"self":[{"href":"https:\/\/masquenoticiastucuman.com.ar\/index.php?rest_route=\/wp\/v2\/posts\/48011","targetHints":{"allow":["GET"]}}],"collection":[{"href":"https:\/\/masquenoticiastucuman.com.ar\/index.php?rest_route=\/wp\/v2\/posts"}],"about":[{"href":"https:\/\/masquenoticiastucuman.com.ar\/index.php?rest_route=\/wp\/v2\/types\/post"}],"author":[{"embeddable":true,"href":"https:\/\/masquenoticiastucuman.com.ar\/index.php?rest_route=\/wp\/v2\/users\/1"}],"replies":[{"embeddable":true,"href":"https:\/\/masquenoticiastucuman.com.ar\/index.php?rest_route=%2Fwp%2Fv2%2Fcomments&post=48011"}],"version-history":[{"count":0,"href":"https:\/\/masquenoticiastucuman.com.ar\/index.php?rest_route=\/wp\/v2\/posts\/48011\/revisions"}],"wp:attachment":[{"href":"https:\/\/masquenoticiastucuman.com.ar\/index.php?rest_route=%2Fwp%2Fv2%2Fmedia&parent=48011"}],"wp:term":[{"taxonomy":"category","embeddable":true,"href":"https:\/\/masquenoticiastucuman.com.ar\/index.php?rest_route=%2Fwp%2Fv2%2Fcategories&post=48011"},{"taxonomy":"post_tag","embeddable":true,"href":"https:\/\/masquenoticiastucuman.com.ar\/index.php?rest_route=%2Fwp%2Fv2%2Ftags&post=48011"}],"curies":[{"name":"wp","href":"https:\/\/api.w.org\/{rel}","templated":true}]}}