{"id":48017,"date":"2025-10-10T09:31:02","date_gmt":"2025-10-10T12:31:02","guid":{"rendered":"http:\/\/masquenoticiastucuman.com.ar\/?p=48017"},"modified":"2025-10-10T09:31:02","modified_gmt":"2025-10-10T12:31:02","slug":"sorpresa-en-apple-por-las-ventas-de-los-nuevos-iphone-dos-modelos-destacan-y-uno-decepciona","status":"publish","type":"post","link":"https:\/\/masquenoticiastucuman.com.ar\/?p=48017","title":{"rendered":"Sorpresa en Apple por las ventas de los nuevos iPhone: dos modelos destacan y uno decepciona"},"content":{"rendered":"<ul>\n<li>Los primeros reportes de mercado muestran resultados dispares con la \u00faltima l\u00ednea del gigante tecnol\u00f3gico: iPhone 17, 17 Pro, 17 Pro Max y Air.<\/li>\n<li>La empresa ajusta proyecciones y ya piensa en su pr\u00f3ximo gran ciclo de lanzamientos.<\/li>\n<\/ul>\n<p>\u200bLos primeros reportes de mercado muestran resultados dispares con la \u00faltima l\u00ednea del gigante tecnol\u00f3gico: iPhone 17, 17 Pro, 17 Pro Max y Air.La empresa ajusta proyecciones y ya piensa en su pr\u00f3ximo gran ciclo de lanzamientos.\u00a0<a href=\"https:\/\/www.clarin.com\/tecnologia\/sorpresa-apple-ventas-nuevos-iphone-modelos-destacan-decepciona_0_Kf3ty6LbrI.html\" target=\"_blank\" class=\"feedzy-rss-link-icon\">Read More<\/a><\/p>","protected":false},"excerpt":{"rendered":"<p>Los primeros reportes de mercado muestran resultados dispares con la \u00faltima l\u00ednea del gigante tecnol\u00f3gico:&#8230;<\/p>\n","protected":false},"author":1,"featured_media":0,"comment_status":"open","ping_status":"open","sticky":false,"template":"","format":"standard","meta":{"footnotes":""},"categories":[8],"tags":[],"class_list":["post-48017","post","type-post","status-publish","format-standard","hentry","category-tecnologia"],"_links":{"self":[{"href":"https:\/\/masquenoticiastucuman.com.ar\/index.php?rest_route=\/wp\/v2\/posts\/48017","targetHints":{"allow":["GET"]}}],"collection":[{"href":"https:\/\/masquenoticiastucuman.com.ar\/index.php?rest_route=\/wp\/v2\/posts"}],"about":[{"href":"https:\/\/masquenoticiastucuman.com.ar\/index.php?rest_route=\/wp\/v2\/types\/post"}],"author":[{"embeddable":true,"href":"https:\/\/masquenoticiastucuman.com.ar\/index.php?rest_route=\/wp\/v2\/users\/1"}],"replies":[{"embeddable":true,"href":"https:\/\/masquenoticiastucuman.com.ar\/index.php?rest_route=%2Fwp%2Fv2%2Fcomments&post=48017"}],"version-history":[{"count":0,"href":"https:\/\/masquenoticiastucuman.com.ar\/index.php?rest_route=\/wp\/v2\/posts\/48017\/revisions"}],"wp:attachment":[{"href":"https:\/\/masquenoticiastucuman.com.ar\/index.php?rest_route=%2Fwp%2Fv2%2Fmedia&parent=48017"}],"wp:term":[{"taxonomy":"category","embeddable":true,"href":"https:\/\/masquenoticiastucuman.com.ar\/index.php?rest_route=%2Fwp%2Fv2%2Fcategories&post=48017"},{"taxonomy":"post_tag","embeddable":true,"href":"https:\/\/masquenoticiastucuman.com.ar\/index.php?rest_route=%2Fwp%2Fv2%2Ftags&post=48017"}],"curies":[{"name":"wp","href":"https:\/\/api.w.org\/{rel}","templated":true}]}}