{"id":48029,"date":"2025-10-10T11:21:49","date_gmt":"2025-10-10T14:21:49","guid":{"rendered":"https:\/\/masquenoticiastucuman.com.ar\/?p=48029"},"modified":"2025-10-10T11:21:50","modified_gmt":"2025-10-10T14:21:50","slug":"sofocan-un-incendio-en-tafi-del-valle","status":"publish","type":"post","link":"https:\/\/masquenoticiastucuman.com.ar\/?p=48029","title":{"rendered":"Sofocan un incendio en Taf\u00ed del Valle"},"content":{"rendered":"\n<p>El siniestro ocurri\u00f3 en el barrio La Quebradita y fue controlado gracias al r\u00e1pido trabajo conjunto entre la Polic\u00eda y Bomberos Voluntarios.<\/p>\n\n\n\n<p id=\"isPasted\">Durante la tarde de este jueves, efectivos de la&nbsp;<strong>Comisar\u00eda de Taf\u00ed del Valle<\/strong>&nbsp;intervinieron en un incendio que se desat\u00f3 en el barrio La Quebradita, donde las llamas se propagaban peligrosamente hacia una zona con casas de veraneantes.<\/p>\n\n\n\n<p>Alertados por los vecinos, los uniformados se desplazaron de inmediato al lugar y trabajaron de manera coordinada con personal de Bomberos Voluntarios de esa jurisdicci\u00f3n, logrando sofocar el fuego antes de que causara da\u00f1os en los domicilios cercanos.<\/p>\n\n\n\n<p>Una vez controlada la situaci\u00f3n, se realiz\u00f3 un relevamiento vecinal con el fin de reunir informaci\u00f3n que permita determinar el origen del siniestro y realizar las investigaciones pertinentes.<\/p>\n","protected":false},"excerpt":{"rendered":"<p>El siniestro ocurri\u00f3 en el barrio La Quebradita y fue controlado gracias al r\u00e1pido trabajo&#8230;<\/p>\n","protected":false},"author":2,"featured_media":0,"comment_status":"open","ping_status":"open","sticky":false,"template":"","format":"standard","meta":{"footnotes":""},"categories":[2],"tags":[],"class_list":["post-48029","post","type-post","status-publish","format-standard","hentry","category-locales"],"_links":{"self":[{"href":"https:\/\/masquenoticiastucuman.com.ar\/index.php?rest_route=\/wp\/v2\/posts\/48029","targetHints":{"allow":["GET"]}}],"collection":[{"href":"https:\/\/masquenoticiastucuman.com.ar\/index.php?rest_route=\/wp\/v2\/posts"}],"about":[{"href":"https:\/\/masquenoticiastucuman.com.ar\/index.php?rest_route=\/wp\/v2\/types\/post"}],"author":[{"embeddable":true,"href":"https:\/\/masquenoticiastucuman.com.ar\/index.php?rest_route=\/wp\/v2\/users\/2"}],"replies":[{"embeddable":true,"href":"https:\/\/masquenoticiastucuman.com.ar\/index.php?rest_route=%2Fwp%2Fv2%2Fcomments&post=48029"}],"version-history":[{"count":1,"href":"https:\/\/masquenoticiastucuman.com.ar\/index.php?rest_route=\/wp\/v2\/posts\/48029\/revisions"}],"predecessor-version":[{"id":48031,"href":"https:\/\/masquenoticiastucuman.com.ar\/index.php?rest_route=\/wp\/v2\/posts\/48029\/revisions\/48031"}],"wp:attachment":[{"href":"https:\/\/masquenoticiastucuman.com.ar\/index.php?rest_route=%2Fwp%2Fv2%2Fmedia&parent=48029"}],"wp:term":[{"taxonomy":"category","embeddable":true,"href":"https:\/\/masquenoticiastucuman.com.ar\/index.php?rest_route=%2Fwp%2Fv2%2Fcategories&post=48029"},{"taxonomy":"post_tag","embeddable":true,"href":"https:\/\/masquenoticiastucuman.com.ar\/index.php?rest_route=%2Fwp%2Fv2%2Ftags&post=48029"}],"curies":[{"name":"wp","href":"https:\/\/api.w.org\/{rel}","templated":true}]}}