{"id":48032,"date":"2025-10-10T11:30:37","date_gmt":"2025-10-10T14:30:37","guid":{"rendered":"https:\/\/masquenoticiastucuman.com.ar\/?p=48032"},"modified":"2025-10-10T11:30:38","modified_gmt":"2025-10-10T14:30:38","slug":"la-provincia-garantiza-la-continuidad-operativa-de-la-terminal-de-omnibus","status":"publish","type":"post","link":"https:\/\/masquenoticiastucuman.com.ar\/?p=48032","title":{"rendered":"La Provincia garantiza la continuidad operativa de la Terminal de \u00d3mnibus"},"content":{"rendered":"\n<p>El Ministerio de Obras, Infraestructura y Transporte P\u00fablico confirma que, tras el vencimiento de la concesi\u00f3n, se implementar\u00e1 un instrumento legal que permitir\u00e1 al operador actual seguir al frente durante varios meses, mientras se ultiman los pliegos de la futura licitaci\u00f3n.<\/p>\n\n\n\n<p id=\"isPasted\">El Ministerio de Obras, Infraestructura y Transporte P\u00fablico confirm\u00f3 que se pondr\u00e1 en marcha un periodo de transici\u00f3n formal para la Terminal de \u00d3mnibus, buscando dar total certeza a los usuarios y, prioritariamente, a los trabajadores. Si bien la concesi\u00f3n de 30 a\u00f1os vence el pr\u00f3ximo 27 de octubre, el servicio de transporte se mantendr\u00e1 con normalidad.&nbsp;<\/p>\n\n\n\n<p>La provincia ha descartado asumir la operaci\u00f3n directa del complejo; en su lugar, el concesionario actual seguir\u00e1 operando la terminal bajo un instrumento legal que se extender\u00e1 por varios meses. Durante aquella transici\u00f3n, se continuar\u00e1n estudiando pliegos y avanzando con el proceso licitatorio con el fin de tener una terminal a la altura de las necesidades actuales.<\/p>\n\n\n\n<p>Durante este proceso, las empresas interesados contar\u00e1n con el anteproyecto realizado por el ministerio de obras p\u00fablicas, que tiene en cuenta una refuncionalizaci\u00f3n total de la terminal, buscando dotarla de tecnolog\u00eda de punta, jerarquizar el acceso peatonal, renovar luminarias y andenes, y crear nuevos espacios comerciales, tur\u00edsticos y gastron\u00f3micos, para que la terminal recupere la jerarqu\u00eda que tuvo en los a\u00f1os 90. Las obras se proyectan por etapas, con la terminal siempre en funcionamiento y con todo el personal activo.<\/p>\n\n\n\n<p>El ministro&nbsp;<strong>Marcelo Nazur<\/strong>&nbsp;subray\u00f3 el compromiso del Poder Ejecutivo: \u201cquiero llevar tranquilidad a los trabajadores. Si bien hay una fecha de finalizaci\u00f3n que no podemos eludir (el 27 de octubre), el concesionario actual seguir\u00e1 operando bajo una transici\u00f3n que nos permitir\u00e1 afinar los detalles del nuevo llamado a licitaci\u00f3n. Estamos elaborando los pliegos para que esta Terminal vuelva a ser un punto de encuentro, moderno y con m\u00e1s accesibilidad, como en los a\u00f1os 90, pensando en toda la actividad econ\u00f3mica y con toda la gente dentro&#8221;, agreg\u00f3.<\/p>\n","protected":false},"excerpt":{"rendered":"<p>El Ministerio de Obras, Infraestructura y Transporte P\u00fablico confirma que, tras el vencimiento de la&#8230;<\/p>\n","protected":false},"author":2,"featured_media":0,"comment_status":"open","ping_status":"open","sticky":false,"template":"","format":"standard","meta":{"footnotes":""},"categories":[2],"tags":[],"class_list":["post-48032","post","type-post","status-publish","format-standard","hentry","category-locales"],"_links":{"self":[{"href":"https:\/\/masquenoticiastucuman.com.ar\/index.php?rest_route=\/wp\/v2\/posts\/48032","targetHints":{"allow":["GET"]}}],"collection":[{"href":"https:\/\/masquenoticiastucuman.com.ar\/index.php?rest_route=\/wp\/v2\/posts"}],"about":[{"href":"https:\/\/masquenoticiastucuman.com.ar\/index.php?rest_route=\/wp\/v2\/types\/post"}],"author":[{"embeddable":true,"href":"https:\/\/masquenoticiastucuman.com.ar\/index.php?rest_route=\/wp\/v2\/users\/2"}],"replies":[{"embeddable":true,"href":"https:\/\/masquenoticiastucuman.com.ar\/index.php?rest_route=%2Fwp%2Fv2%2Fcomments&post=48032"}],"version-history":[{"count":1,"href":"https:\/\/masquenoticiastucuman.com.ar\/index.php?rest_route=\/wp\/v2\/posts\/48032\/revisions"}],"predecessor-version":[{"id":48034,"href":"https:\/\/masquenoticiastucuman.com.ar\/index.php?rest_route=\/wp\/v2\/posts\/48032\/revisions\/48034"}],"wp:attachment":[{"href":"https:\/\/masquenoticiastucuman.com.ar\/index.php?rest_route=%2Fwp%2Fv2%2Fmedia&parent=48032"}],"wp:term":[{"taxonomy":"category","embeddable":true,"href":"https:\/\/masquenoticiastucuman.com.ar\/index.php?rest_route=%2Fwp%2Fv2%2Fcategories&post=48032"},{"taxonomy":"post_tag","embeddable":true,"href":"https:\/\/masquenoticiastucuman.com.ar\/index.php?rest_route=%2Fwp%2Fv2%2Ftags&post=48032"}],"curies":[{"name":"wp","href":"https:\/\/api.w.org\/{rel}","templated":true}]}}