{"id":48044,"date":"2025-10-10T21:31:03","date_gmt":"2025-10-11T00:31:03","guid":{"rendered":"http:\/\/masquenoticiastucuman.com.ar\/?p=48044"},"modified":"2025-10-10T21:31:03","modified_gmt":"2025-10-11T00:31:03","slug":"por-que-no-juega-lionel-messi-el-capitan-de-la-seleccion-sera-el-gran-ausente-en-el-amistoso-ante-venezuela","status":"publish","type":"post","link":"https:\/\/masquenoticiastucuman.com.ar\/?p=48044","title":{"rendered":"Por qu\u00e9 no juega Lionel Messi: el capit\u00e1n de la Selecci\u00f3n ser\u00e1 el gran ausente en el amistoso ante Venezuela"},"content":{"rendered":"<ul>\n<li>Seg\u00fan confirm\u00f3 la AFA en sus redes sociales oficiales, el rosarino no estar\u00e1 en el Hard Rock Stadium.<\/li>\n<li>Lionel Scaloni decidi\u00f3 liberar a la Pulga del compromiso de esta noche.<\/li>\n<li>Se especula que Messi estar\u00e1 en el duelo de este s\u00e1bado del Inter Miami.<\/li>\n<\/ul>\n<p>\u200bSeg\u00fan confirm\u00f3 la AFA en sus redes sociales oficiales, el rosarino no estar\u00e1 en el Hard Rock Stadium.Lionel Scaloni decidi\u00f3 liberar a la Pulga del compromiso de esta noche.Se especula que Messi estar\u00e1 en el duelo de este s\u00e1bado del Inter Miami.\u00a0<a href=\"https:\/\/www.clarin.com\/deportes\/juega-lionel-messi-capitan-seleccion-gran-ausente-amistoso-venezuela_0_GT3AdCETqT.html\" target=\"_blank\" class=\"feedzy-rss-link-icon\">Read More<\/a><\/p>","protected":false},"excerpt":{"rendered":"<p>Seg\u00fan confirm\u00f3 la AFA en sus redes sociales oficiales, el rosarino no estar\u00e1 en el&#8230;<\/p>\n","protected":false},"author":1,"featured_media":0,"comment_status":"open","ping_status":"open","sticky":false,"template":"","format":"standard","meta":{"footnotes":""},"categories":[1],"tags":[],"class_list":["post-48044","post","type-post","status-publish","format-standard","hentry","category-uncategorized"],"_links":{"self":[{"href":"https:\/\/masquenoticiastucuman.com.ar\/index.php?rest_route=\/wp\/v2\/posts\/48044","targetHints":{"allow":["GET"]}}],"collection":[{"href":"https:\/\/masquenoticiastucuman.com.ar\/index.php?rest_route=\/wp\/v2\/posts"}],"about":[{"href":"https:\/\/masquenoticiastucuman.com.ar\/index.php?rest_route=\/wp\/v2\/types\/post"}],"author":[{"embeddable":true,"href":"https:\/\/masquenoticiastucuman.com.ar\/index.php?rest_route=\/wp\/v2\/users\/1"}],"replies":[{"embeddable":true,"href":"https:\/\/masquenoticiastucuman.com.ar\/index.php?rest_route=%2Fwp%2Fv2%2Fcomments&post=48044"}],"version-history":[{"count":0,"href":"https:\/\/masquenoticiastucuman.com.ar\/index.php?rest_route=\/wp\/v2\/posts\/48044\/revisions"}],"wp:attachment":[{"href":"https:\/\/masquenoticiastucuman.com.ar\/index.php?rest_route=%2Fwp%2Fv2%2Fmedia&parent=48044"}],"wp:term":[{"taxonomy":"category","embeddable":true,"href":"https:\/\/masquenoticiastucuman.com.ar\/index.php?rest_route=%2Fwp%2Fv2%2Fcategories&post=48044"},{"taxonomy":"post_tag","embeddable":true,"href":"https:\/\/masquenoticiastucuman.com.ar\/index.php?rest_route=%2Fwp%2Fv2%2Ftags&post=48044"}],"curies":[{"name":"wp","href":"https:\/\/api.w.org\/{rel}","templated":true}]}}