{"id":48048,"date":"2025-10-11T01:01:02","date_gmt":"2025-10-11T04:01:02","guid":{"rendered":"http:\/\/masquenoticiastucuman.com.ar\/?p=48048"},"modified":"2025-10-11T01:01:02","modified_gmt":"2025-10-11T04:01:02","slug":"en-el-monte-chaqueno-la-ganaderia-evoluciona-a-fuerza-de-pasion-y-conocimiento","status":"publish","type":"post","link":"https:\/\/masquenoticiastucuman.com.ar\/?p=48048","title":{"rendered":"En el monte chaque\u00f1o la ganader\u00eda evoluciona a fuerza de pasi\u00f3n y conocimiento"},"content":{"rendered":"<ul>\n<li>El clima y el ambiente extremo de la regi\u00f3n ponen a prueba la resiliencia de los productores. <\/li>\n<li>El pasto natural y la sombra del monte son recursos estrat\u00e9gicos.<\/li>\n<li>En la Expo Braford de Primavera se vio la gen\u00e9tica que hace viable la actividad.<\/li>\n<\/ul>","protected":false},"excerpt":{"rendered":"<p>El clima y el ambiente extremo de la regi\u00f3n ponen a prueba la resiliencia de&#8230;<\/p>\n","protected":false},"author":1,"featured_media":0,"comment_status":"open","ping_status":"open","sticky":false,"template":"","format":"standard","meta":{"footnotes":""},"categories":[],"tags":[],"class_list":["post-48048","post","type-post","status-publish","format-standard","hentry"],"_links":{"self":[{"href":"https:\/\/masquenoticiastucuman.com.ar\/index.php?rest_route=\/wp\/v2\/posts\/48048","targetHints":{"allow":["GET"]}}],"collection":[{"href":"https:\/\/masquenoticiastucuman.com.ar\/index.php?rest_route=\/wp\/v2\/posts"}],"about":[{"href":"https:\/\/masquenoticiastucuman.com.ar\/index.php?rest_route=\/wp\/v2\/types\/post"}],"author":[{"embeddable":true,"href":"https:\/\/masquenoticiastucuman.com.ar\/index.php?rest_route=\/wp\/v2\/users\/1"}],"replies":[{"embeddable":true,"href":"https:\/\/masquenoticiastucuman.com.ar\/index.php?rest_route=%2Fwp%2Fv2%2Fcomments&post=48048"}],"version-history":[{"count":0,"href":"https:\/\/masquenoticiastucuman.com.ar\/index.php?rest_route=\/wp\/v2\/posts\/48048\/revisions"}],"wp:attachment":[{"href":"https:\/\/masquenoticiastucuman.com.ar\/index.php?rest_route=%2Fwp%2Fv2%2Fmedia&parent=48048"}],"wp:term":[{"taxonomy":"category","embeddable":true,"href":"https:\/\/masquenoticiastucuman.com.ar\/index.php?rest_route=%2Fwp%2Fv2%2Fcategories&post=48048"},{"taxonomy":"post_tag","embeddable":true,"href":"https:\/\/masquenoticiastucuman.com.ar\/index.php?rest_route=%2Fwp%2Fv2%2Ftags&post=48048"}],"curies":[{"name":"wp","href":"https:\/\/api.w.org\/{rel}","templated":true}]}}