{"id":48066,"date":"2025-10-11T15:38:30","date_gmt":"2025-10-11T18:38:30","guid":{"rendered":"https:\/\/masquenoticiastucuman.com.ar\/?p=48066"},"modified":"2025-10-11T15:38:31","modified_gmt":"2025-10-11T18:38:31","slug":"jaldo-participo-de-la-segunda-noche-de-la-fiesta-nacional-e-internacional-del-caballo","status":"publish","type":"post","link":"https:\/\/masquenoticiastucuman.com.ar\/?p=48066","title":{"rendered":"Jaldo particip\u00f3 de la segunda noche de la Fiesta Nacional e Internacional del Caballo"},"content":{"rendered":"\n<p>El gobernador en uso de licencia destac\u00f3 el valor cultural, hist\u00f3rico y familiar del tradicional encuentro que re\u00fane a miles de tucumanos y turistas.<\/p>\n\n\n\n<p id=\"isPasted\">El gobernador en uso de licencia,&nbsp;<strong>Osvaldo Jaldo<\/strong>, particip\u00f3 este viernes de la segunda noche de la XXVI Fiesta Nacional e Internacional del Caballo, que se desarrolla en la ciudad de Trancas.<\/p>\n\n\n\n<p>Jaldo asisti\u00f3 acompa\u00f1ado por su esposa,&nbsp;<strong>Ana Mar\u00eda Grillo<\/strong>, y fue recibido por el intendente&nbsp;<strong>Antonio Moreno<\/strong>, el legislador&nbsp;<strong>Roberto Moreno<\/strong>&nbsp;y concejales del municipio. Tambi\u00e9n estuvieron presentes el ministro del Interior,&nbsp;<strong>Dar\u00edo Monteros<\/strong>; el ministro de Salud,&nbsp;<strong>Luis Medina Ruiz<\/strong>; el titular del IPLA,&nbsp;<strong>Dante Loza<\/strong>; la secretaria de Relaciones Internacionales,&nbsp;<strong>Virginia \u00c1vila<\/strong>; la diputada&nbsp;<strong>Gladys Medina<\/strong>; la intendenta de San Miguel de Tucum\u00e1n,&nbsp;<strong>Rossana Chahla<\/strong>; el presidente del Ente Tucum\u00e1n Turismo,&nbsp;<strong>Domingo Amaya<\/strong>; el secretario de Producci\u00f3n,&nbsp;<strong>Eduardo Castro<\/strong>, y el legislador&nbsp;<strong>Ger\u00f3nimo Vargas Aignasse<\/strong>, entre otras autoridades.<\/p>\n\n\n\n<p>Durante el encuentro, Jaldo destac\u00f3 la importancia de esta celebraci\u00f3n para la comunidad: \u201cLo primero que quiero es agradecer a todos los medios de comunicaci\u00f3n, porque si hoy esta fiesta cumple 26 a\u00f1os es gracias a ustedes, que han acompa\u00f1ado y difundido cada edici\u00f3n. Gracias a ese trabajo, hoy la Fiesta del Caballo es conocida no solo en Tucum\u00e1n y en la Argentina, sino tambi\u00e9n en el mundo\u201d, expres\u00f3.<\/p>\n\n\n\n<p>El mandatario, adem\u00e1s, subray\u00f3 que el evento representa mucho m\u00e1s que un espect\u00e1culo: \u201cEsta fiesta tiene que ver con nuestras ra\u00edces, con cuidar la historia y la tradici\u00f3n. Es importante que nuestros ni\u00f1os y j\u00f3venes sepan de d\u00f3nde venimos. Hemos visto a m\u00e1s de 2.500 chicos y a casi 60 academias de danza contando nuestra historia y homenajeando a los patriotas que dieron su vida por la libertad. Por eso, esta no es solo una fiesta de doma y folclore, sino tambi\u00e9n una fiesta de la familia y de la cultura\u201d, se\u00f1al\u00f3.<\/p>\n\n\n\n<p>Jaldo remarc\u00f3 el esfuerzo de los tranque\u00f1os para mantener viva esta tradici\u00f3n y sostuvo que el Gobierno provincial acompa\u00f1a cada una de las festividades populares del interior: \u201cAs\u00ed como hoy estamos en Trancas, ma\u00f1ana estaremos en Monteros con el intendente \u2018Panchito\u2019 Serra. Acompa\u00f1amos todas las fiestas patronales y festivales porque la gente los espera todo el a\u00f1o. Adem\u00e1s de ser espacios de encuentro, son oportunidades para los emprendedores que venden productos artesanales y comidas t\u00edpicas. Estos eventos generan trabajo y alegr\u00eda para las familias\u201d, dijo.<\/p>\n\n\n\n<p>El gobernador en uso de licencia tambi\u00e9n reflexion\u00f3 sobre la coyuntura nacional: \u201cVivimos momentos dif\u00edciles, pero en Tucum\u00e1n seguimos apostando por la cultura, la tradici\u00f3n y la historia. Mientras el mundo vive en crisis y guerras, nosotros seguimos sosteniendo nuestras ra\u00edces. Esta fiesta es un s\u00edmbolo de unidad y esperanza\u201d, afirm\u00f3.<\/p>\n\n\n\n<p>A su turno, el ministro del Interior, Dar\u00edo Monteros, destac\u00f3 la decisi\u00f3n pol\u00edtica de fortalecer la identidad cultural de cada pueblo: \u201cDesde el primer d\u00eda, el gobernador nos pidi\u00f3 no descuidar la idiosincrasia de las ciudades y comunas. La cultura tambi\u00e9n forma parte del desarrollo. Hoy vemos una fiesta imponente, con m\u00e1s de 2.500 artistas en escena, que emociona y une a las familias tucumanas y a los turistas que nos visitan\u201d, sostuvo.<\/p>\n\n\n\n<p>La intendenta de San Miguel de Tucum\u00e1n, Rossana Chahla, tambi\u00e9n elogi\u00f3 la magnitud del evento: \u201cFue un espect\u00e1culo incre\u00edble, con m\u00e1s de 2.500 personas representando nuestra cultura y nuestro folclore. Felicito al intendente Moreno y a todo su equipo, porque esto no se logra sin trabajo y sin el acompa\u00f1amiento del Gobierno provincial\u201d, se\u00f1al\u00f3.<\/p>\n\n\n\n<p>Por su parte, el intendente Antonio Moreno agradeci\u00f3 el acompa\u00f1amiento del Gobierno y resalt\u00f3 el compromiso de la comunidad tranque\u00f1a: \u201cEsta fiesta crece a\u00f1o a a\u00f1o gracias al trabajo conjunto del municipio, la provincia y el pueblo. Es un orgullo defender nuestra cultura, nuestra identidad y el valor del trabajo que nos define como argentinos\u201d, expres\u00f3.<\/p>\n\n\n\n<p>Finalmente, el legislador Roberto Moreno hizo hincapi\u00e9 en el sentido hist\u00f3rico y patri\u00f3tico del festival: \u201cEsta segunda noche de Argentinidad nos invita a recordar nuestras ra\u00edces. Como dec\u00eda Bernab\u00e9 Ar\u00e1oz, Tucum\u00e1n siempre se planta para defender lo suyo. Somos una provincia que ama la educaci\u00f3n, la salud, la cultura y que lucha por un pa\u00eds federal\u201d, afirm\u00f3.<\/p>\n","protected":false},"excerpt":{"rendered":"<p>El gobernador en uso de licencia destac\u00f3 el valor cultural, hist\u00f3rico y familiar del tradicional&#8230;<\/p>\n","protected":false},"author":2,"featured_media":0,"comment_status":"open","ping_status":"open","sticky":false,"template":"","format":"standard","meta":{"footnotes":""},"categories":[2],"tags":[],"class_list":["post-48066","post","type-post","status-publish","format-standard","hentry","category-locales"],"_links":{"self":[{"href":"https:\/\/masquenoticiastucuman.com.ar\/index.php?rest_route=\/wp\/v2\/posts\/48066","targetHints":{"allow":["GET"]}}],"collection":[{"href":"https:\/\/masquenoticiastucuman.com.ar\/index.php?rest_route=\/wp\/v2\/posts"}],"about":[{"href":"https:\/\/masquenoticiastucuman.com.ar\/index.php?rest_route=\/wp\/v2\/types\/post"}],"author":[{"embeddable":true,"href":"https:\/\/masquenoticiastucuman.com.ar\/index.php?rest_route=\/wp\/v2\/users\/2"}],"replies":[{"embeddable":true,"href":"https:\/\/masquenoticiastucuman.com.ar\/index.php?rest_route=%2Fwp%2Fv2%2Fcomments&post=48066"}],"version-history":[{"count":1,"href":"https:\/\/masquenoticiastucuman.com.ar\/index.php?rest_route=\/wp\/v2\/posts\/48066\/revisions"}],"predecessor-version":[{"id":48068,"href":"https:\/\/masquenoticiastucuman.com.ar\/index.php?rest_route=\/wp\/v2\/posts\/48066\/revisions\/48068"}],"wp:attachment":[{"href":"https:\/\/masquenoticiastucuman.com.ar\/index.php?rest_route=%2Fwp%2Fv2%2Fmedia&parent=48066"}],"wp:term":[{"taxonomy":"category","embeddable":true,"href":"https:\/\/masquenoticiastucuman.com.ar\/index.php?rest_route=%2Fwp%2Fv2%2Fcategories&post=48066"},{"taxonomy":"post_tag","embeddable":true,"href":"https:\/\/masquenoticiastucuman.com.ar\/index.php?rest_route=%2Fwp%2Fv2%2Ftags&post=48066"}],"curies":[{"name":"wp","href":"https:\/\/api.w.org\/{rel}","templated":true}]}}