{"id":48104,"date":"2025-10-13T07:57:36","date_gmt":"2025-10-13T10:57:36","guid":{"rendered":"https:\/\/masquenoticiastucuman.com.ar\/?p=48104"},"modified":"2025-10-13T07:57:37","modified_gmt":"2025-10-13T10:57:37","slug":"tras-un-incidente-en-el-ingenio-bella-vista-17-trabajadores-fueron-asistidos-por-intoxicacion","status":"publish","type":"post","link":"https:\/\/masquenoticiastucuman.com.ar\/?p=48104","title":{"rendered":"Tras un incidente en el ingenio Bella Vista, 17 trabajadores fueron asistidos por intoxicaci\u00f3n"},"content":{"rendered":"\n<p>Ayer por la tarde recibieron a trabajadores de dicho ingenio que fueron asistidos de forma inmediata y se encuentran actualmente dados de alta<\/p>\n\n\n\n<p>El hospital de Bella Vista atendi\u00f3 a 17 pacientes que sufrieron intoxicaci\u00f3n por di\u00f3xido de azufre, el mismo fue liberado por una falla en una v\u00e1lvula, en horas de la tarde. Los mismos presentaron s\u00edntomas como irritaci\u00f3n en las v\u00edas a\u00e9reas superiores como nariz, garganta, laringe y tambi\u00e9n de mucosas y congestivas oculares.<\/p>\n\n\n\n<p>El hecho se debi\u00f3 al escape de dicho compuesto utilizado en el procesamiento de la ca\u00f1a de az\u00facar. Los trabajadores estuvieron internados aproximadamente 4 horas, y luego fueron dados de alta. Afortunadamente todos se encuentran en buen estado de salud, con saturaci\u00f3n normal y molestias en las v\u00edas respiratorias leves.<\/p>\n\n\n\n<p>Cabe destacar el inmediato accionar del efector que gracias a la colaboraci\u00f3n del doctor Alfredo C\u00f3rdoba, toxic\u00f3logo y profesor de la C\u00e1tedra de Toxicolog\u00eda, quien supervis\u00f3 la evoluci\u00f3n de los pacientes afectados.<\/p>\n\n\n\n<p>Este r\u00e1pido accionar se brind\u00f3 gracias a las estrategias de efectivas del Ministerio de Salud a cargo del doctor Luis Medina Ruiz, quien cuenta con el apoyo del gobernador Osvaldo Jaldo en uso de licencia, quien prioriza la atenci\u00f3n inmediata en este tipo de incidentes y en la atenci\u00f3n general de la poblaci\u00f3n.<\/p>\n\n\n\n<p>Es importante destacar la capacidad de respuesta del hospital de Bella Vista, que cuenta con dos m\u00e9dicos de guardia, personal de enfermer\u00eda, ambulancia. Todos los pacientes fueron tratados en el efector. Posteriormente se realiz\u00f3 una reuni\u00f3n con todos los familiares que estaban a la espera y junto al doctor C\u00f3rdoba se les explic\u00f3 sobre los s\u00edntomas y manifestaciones que presentaban, fue fundamental esta contenci\u00f3n para llevar tranquilidad a los seres queridos de los trabajadores.<\/p>\n\n\n\n<p>Estuvieron al frente del operativo el doctor<strong>&nbsp;Jos\u00e9 Mar\u00eda G\u00f3ngora,&nbsp;<\/strong>director del \u00c1rea Operativa Este, el doctor&nbsp;<strong>Alfredo C\u00f3rdoba,<\/strong>&nbsp;toxic\u00f3logo y el doctor&nbsp;<strong>F\u00e9lix Enrique D\u00edaz<\/strong>, director del Hospital de Bella Vista.<\/p>\n","protected":false},"excerpt":{"rendered":"<p>Ayer por la tarde recibieron a trabajadores de dicho ingenio que fueron asistidos de forma&#8230;<\/p>\n","protected":false},"author":2,"featured_media":0,"comment_status":"open","ping_status":"open","sticky":false,"template":"","format":"standard","meta":{"footnotes":""},"categories":[2],"tags":[],"class_list":["post-48104","post","type-post","status-publish","format-standard","hentry","category-locales"],"_links":{"self":[{"href":"https:\/\/masquenoticiastucuman.com.ar\/index.php?rest_route=\/wp\/v2\/posts\/48104","targetHints":{"allow":["GET"]}}],"collection":[{"href":"https:\/\/masquenoticiastucuman.com.ar\/index.php?rest_route=\/wp\/v2\/posts"}],"about":[{"href":"https:\/\/masquenoticiastucuman.com.ar\/index.php?rest_route=\/wp\/v2\/types\/post"}],"author":[{"embeddable":true,"href":"https:\/\/masquenoticiastucuman.com.ar\/index.php?rest_route=\/wp\/v2\/users\/2"}],"replies":[{"embeddable":true,"href":"https:\/\/masquenoticiastucuman.com.ar\/index.php?rest_route=%2Fwp%2Fv2%2Fcomments&post=48104"}],"version-history":[{"count":1,"href":"https:\/\/masquenoticiastucuman.com.ar\/index.php?rest_route=\/wp\/v2\/posts\/48104\/revisions"}],"predecessor-version":[{"id":48106,"href":"https:\/\/masquenoticiastucuman.com.ar\/index.php?rest_route=\/wp\/v2\/posts\/48104\/revisions\/48106"}],"wp:attachment":[{"href":"https:\/\/masquenoticiastucuman.com.ar\/index.php?rest_route=%2Fwp%2Fv2%2Fmedia&parent=48104"}],"wp:term":[{"taxonomy":"category","embeddable":true,"href":"https:\/\/masquenoticiastucuman.com.ar\/index.php?rest_route=%2Fwp%2Fv2%2Fcategories&post=48104"},{"taxonomy":"post_tag","embeddable":true,"href":"https:\/\/masquenoticiastucuman.com.ar\/index.php?rest_route=%2Fwp%2Fv2%2Ftags&post=48104"}],"curies":[{"name":"wp","href":"https:\/\/api.w.org\/{rel}","templated":true}]}}