{"id":48121,"date":"2025-10-13T09:58:28","date_gmt":"2025-10-13T12:58:28","guid":{"rendered":"https:\/\/masquenoticiastucuman.com.ar\/?p=48121"},"modified":"2025-10-13T09:58:29","modified_gmt":"2025-10-13T12:58:29","slug":"alcanzamos-niveles-de-ocupacion-hotelera-extraordinarios-aseguro-amaya","status":"publish","type":"post","link":"https:\/\/masquenoticiastucuman.com.ar\/?p=48121","title":{"rendered":"&#8220;Alcanzamos niveles de ocupaci\u00f3n hotelera extraordinarios&#8221;, asegur\u00f3 Amaya"},"content":{"rendered":"\n<p>El presidente del Ente Tucum\u00e1n Turismo sostuvo que Tucum\u00e1n se consolid\u00f3 como la &#8220;provincia con mayor cantidad de eventos culturales y deportivos&#8221;.<\/p>\n\n\n\n<p id=\"isPasted\"><strong>Domingo Amaya,<\/strong>&nbsp;presidente del Ente Tucum\u00e1n Turismo afirm\u00f3 que Tucum\u00e1n se consolid\u00f3 como la provincia con mayor cantidad de eventos culturales y deportivos del pa\u00eds durante todo el a\u00f1o, de enero a diciembre. \u201cSeptiembre fue un mes excepcional, junto con estos d\u00edas de octubre\u201d, destac\u00f3. Seg\u00fan explic\u00f3, la provincia alcanz\u00f3 niveles de ocupaci\u00f3n hotelera extraordinarios, impulsados por una fuerte inversi\u00f3n del Gobierno en apoyo y auspicio de actividades culturales y tur\u00edsticas.<\/p>\n\n\n\n<p>Durante una entrevista con Canal 10, el funcionario repas\u00f3 algunos de los eventos que marcaron ese crecimiento. Mencion\u00f3 especialmente Monteros de la Patria, Fortaleza del folclore, calific\u00e1ndolos como \u201chechos culturales extraordinarios\u201d de proyecci\u00f3n internacional. Cont\u00f3 que durante el festival se encontr\u00f3 con visitantes salte\u00f1os que lo felicitaron: \u201cTenemos el estadio \u00fanico, pero ustedes tienen esto que es impagable\u201d, le dijeron. Record\u00f3 tambi\u00e9n la Fiesta Internacional del Caballo, con la participaci\u00f3n de 2.500 bailarines y jinetes en una puesta que defini\u00f3 como \u201cun acto teatral vivo, un homenaje a la historia de Tucum\u00e1n y un espect\u00e1culo digno de difusi\u00f3n nacional e internacional\u201d.<\/p>\n\n\n\n<p>Seg\u00fan Amaya, todas estas actividades y otras se sostuvieron gracias a una decisi\u00f3n pol\u00edtica del gobernador&nbsp;<strong>Osvaldo Jaldo<\/strong>, quien, asegur\u00f3, entiende que invertir en cultura dinamiza la econom\u00eda.<\/p>\n\n\n\n<p>Apoyado en cifras, precis\u00f3 que los eventos generaron un movimiento econ\u00f3mico de 3.800 millones de pesos, en un contexto nacional dif\u00edcil. \u201cLa inversi\u00f3n en cultura, educaci\u00f3n, salud, seguridad y obra p\u00fablica impulsa el crecimiento del Producto Bruto Geogr\u00e1fico y reduce la pobreza\u201d, argument\u00f3. Detall\u00f3 que \u201ccada inversi\u00f3n en bienes de capital multiplica por tres el crecimiento del PBI, mientras que el gasto corriente apenas lo incrementa en un 0,5%\u201d. Tucum\u00e1n tiene todo, y debemos tomar conciencia de eso. Tucum\u00e1n primero\u201d, expres\u00f3.<\/p>\n\n\n\n<h3 class=\"wp-block-heading\">Cuidado ambiental<\/h3>\n\n\n\n<p>Los incendios cercanos al Aeropuerto Benjam\u00edn Matienzo la semana pasada tambi\u00e9n mereci\u00f3 su opini\u00f3n y Amaya coincidi\u00f3 en que la ciudadan\u00eda deb\u00eda tomar conciencia del impacto ambiental. \u201cEso tambi\u00e9n es turismo, eso tambi\u00e9n es imagen\u201d, subray\u00f3. Consultado sobre la remodelaci\u00f3n del aeropuerto, anunci\u00f3 que las obras comenzar\u00e1n pronto y que la terminal se prepara para recibir m\u00e1s vuelos nacionales e internacionales.<\/p>\n\n\n\n<h3 class=\"wp-block-heading\">Vuelos<\/h3>\n\n\n\n<p>Amaya detall\u00f3 que las aerol\u00edneas aumentaron m\u00e1s del 40% sus vuelos, con nuevas frecuencias semanales y la llegada de una nueva compa\u00f1\u00eda a partir de enero. Adem\u00e1s, coment\u00f3 que una delegaci\u00f3n tucumana particip\u00f3 recientemente en una feria internacional de turismo en Brasil, con el objetivo de atraer al p\u00fablico brasile\u00f1o hacia la Ruta del Vino y otros destinos tucumanos. \u201cQueremos que esos vuelos se sostengan todo el a\u00f1o\u201d, se\u00f1al\u00f3, en el marco de un plan estrat\u00e9gico de dos a\u00f1os para consolidar el crecimiento tur\u00edstico.<\/p>\n\n\n\n<p>Tambi\u00e9n mencion\u00f3 el impacto econ\u00f3mico de esas pol\u00edticas: \u201cMuchos se preguntan por qu\u00e9 baj\u00f3 el 20% la pobreza; fue porque se invirti\u00f3 en bienes de capital. Eso genera empleo y hace crecer la econom\u00eda real\u201d.<\/p>\n\n\n\n<p>Amaya asegur\u00f3 que los empresarios locales acompa\u00f1an las pol\u00edticas del Gobierno, sosteniendo precios y haciendo esfuerzos para mantener una oferta atractiva por la cercan\u00eda de las vacaciones y los precios de alquileres en lugares tur\u00edsticos como Raco, El Cadillal, San Javier, Taf\u00ed del Valle y Trancas.<\/p>\n\n\n\n<p>El funcionario destac\u00f3 adem\u00e1s la llegada de una cadena internacional a la provincia y anticip\u00f3 que dos nuevas cadenas hoteleras eval\u00faan instalarse en Tucum\u00e1n. \u201cEstas compa\u00f1\u00edas miran primero la seguridad jur\u00eddica y f\u00edsica, y Tucum\u00e1n ofrece ambas\u201d, asegur\u00f3.<\/p>\n\n\n\n<p>Para cerrar, anunci\u00f3 una obra en La Cocha, donde se construir\u00e1 un parador gastron\u00f3mico e informativo. \u201cSer\u00e1 un lugar donde el viajero podr\u00e1 detenerse, degustar los productos locales, conocer nuestra provincia y llevarse una experiencia \u00fanica\u201d, concluy\u00f3 Amaya, convencido de que el turismo, m\u00e1s que una industria, es una forma de orgullo provincial.<\/p>\n","protected":false},"excerpt":{"rendered":"<p>El presidente del Ente Tucum\u00e1n Turismo sostuvo que Tucum\u00e1n se consolid\u00f3 como la &#8220;provincia con&#8230;<\/p>\n","protected":false},"author":2,"featured_media":0,"comment_status":"open","ping_status":"open","sticky":false,"template":"","format":"standard","meta":{"footnotes":""},"categories":[2],"tags":[],"class_list":["post-48121","post","type-post","status-publish","format-standard","hentry","category-locales"],"_links":{"self":[{"href":"https:\/\/masquenoticiastucuman.com.ar\/index.php?rest_route=\/wp\/v2\/posts\/48121","targetHints":{"allow":["GET"]}}],"collection":[{"href":"https:\/\/masquenoticiastucuman.com.ar\/index.php?rest_route=\/wp\/v2\/posts"}],"about":[{"href":"https:\/\/masquenoticiastucuman.com.ar\/index.php?rest_route=\/wp\/v2\/types\/post"}],"author":[{"embeddable":true,"href":"https:\/\/masquenoticiastucuman.com.ar\/index.php?rest_route=\/wp\/v2\/users\/2"}],"replies":[{"embeddable":true,"href":"https:\/\/masquenoticiastucuman.com.ar\/index.php?rest_route=%2Fwp%2Fv2%2Fcomments&post=48121"}],"version-history":[{"count":1,"href":"https:\/\/masquenoticiastucuman.com.ar\/index.php?rest_route=\/wp\/v2\/posts\/48121\/revisions"}],"predecessor-version":[{"id":48123,"href":"https:\/\/masquenoticiastucuman.com.ar\/index.php?rest_route=\/wp\/v2\/posts\/48121\/revisions\/48123"}],"wp:attachment":[{"href":"https:\/\/masquenoticiastucuman.com.ar\/index.php?rest_route=%2Fwp%2Fv2%2Fmedia&parent=48121"}],"wp:term":[{"taxonomy":"category","embeddable":true,"href":"https:\/\/masquenoticiastucuman.com.ar\/index.php?rest_route=%2Fwp%2Fv2%2Fcategories&post=48121"},{"taxonomy":"post_tag","embeddable":true,"href":"https:\/\/masquenoticiastucuman.com.ar\/index.php?rest_route=%2Fwp%2Fv2%2Ftags&post=48121"}],"curies":[{"name":"wp","href":"https:\/\/api.w.org\/{rel}","templated":true}]}}