{"id":48127,"date":"2025-10-13T11:37:28","date_gmt":"2025-10-13T14:37:28","guid":{"rendered":"https:\/\/masquenoticiastucuman.com.ar\/?p=48127"},"modified":"2025-10-13T11:37:29","modified_gmt":"2025-10-13T14:37:29","slug":"acevedo-recibio-a-ninos-tucumanos-que-tuvieron-un-papel-destacado-de-una-competencia-internacional-de-robotica","status":"publish","type":"post","link":"https:\/\/masquenoticiastucuman.com.ar\/?p=48127","title":{"rendered":"Acevedo recibi\u00f3 a ni\u00f1os tucumanos que tuvieron un papel destacado de una competencia internacional de rob\u00f3tica"},"content":{"rendered":"\n<p>Los tucumanos obtuvieron el segundo puesto en la competencia nacional de la World Robotic Olympics desarrollados en el marco de la ExpoCon 2025.<\/p>\n\n\n\n<p id=\"isPasted\">El vicegobernador a cargo del Poder Ejecutivo,&nbsp;<strong>Miguel Acevedo<\/strong>, recibi\u00f3 en Casa de Gobierno a los ni\u00f1os tucumanos&nbsp;<strong>Benicio Gonz\u00e1lez<\/strong>&nbsp;y&nbsp;<strong>Luca Di Pauli<\/strong>, ganadores del segundo puesto en la competencia nacional de la World Robotic Olympics realizada en el marco de la Exposici\u00f3n de Econom\u00edas del Conocimiento (ExpoCon) 2025. Los alumnos, pertenecientes a la Academia Digital Omb\u00fa Hub de Yerba Buena, asistieron acompa\u00f1ados por el director de la instituci\u00f3n,&nbsp;<strong>Nicol\u00e1s Caro.<\/strong><\/p>\n\n\n\n<p>Del encuentro participaron el vicepresidente del IDEP,&nbsp;<strong>Juan Casa\u00f1as<\/strong>, y la legisladora,&nbsp;<strong>Carolina Vargas Aignasse.<\/strong><\/p>\n\n\n\n<figure class=\"wp-block-image size-large\"><img decoding=\"async\" src=\"https:\/\/masquenoticiastucuman.com.ar\/wp-content\/uploads\/2025\/10\/251013111039_72772-1024x683.jpg\" alt=\"\" class=\"wp-image-48128\" \/><\/figure>\n\n\n\n<p>Casa\u00f1as destac\u00f3 que la Academia Digital Omb\u00fa Hub \u201cha estado presente en la ExpoCon y en una competencia nacional donde ganaron el segundo lugar en rob\u00f3tica, chicos de 9 a\u00f1os\u201d. Se\u00f1al\u00f3 adem\u00e1s que existe \u201cla posibilidad de un viaje a Panam\u00e1\u201d, y expres\u00f3 que \u201clos tiempos son complicados, pero estamos viendo de poder solucionarlo para que vayan a representar al pa\u00eds y nos sigan posicionando en la econom\u00eda del conocimiento\u201d.<\/p>\n\n\n\n<p>El funcionario subray\u00f3 la importancia de que \u201cTucum\u00e1n tenga una representaci\u00f3n en Panam\u00e1\u201d y afirm\u00f3: \u201cEstamos convencidos, en base al mandato que nos dio el gobernador (en uso de licencia) Osvaldo Jaldo, de que esta es una l\u00ednea de trabajo, una pol\u00edtica de Estado y que en el futuro nos va a dar muy buenos premios\u201d.<\/p>\n\n\n\n<figure class=\"wp-block-image size-large\"><img decoding=\"async\" src=\"https:\/\/masquenoticiastucuman.com.ar\/wp-content\/uploads\/2025\/10\/251013111051_65695-576x1024.jpg\" alt=\"\" class=\"wp-image-48129\" \/><\/figure>\n\n\n\n<p>\u201cNos imaginamos que esta generaci\u00f3n de chicos ir\u00e1 creando y generando econom\u00eda del conocimiento. Este es un negocio enorme, m\u00e1s importante econ\u00f3micamente a nivel global especialmente la industria de los videojuegos. Lo vimos en la ExpoCon donde adem\u00e1s observamos la creatividad de los tucumanos\u201d, dijo.&nbsp;<\/p>\n\n\n\n<p>Por su parte, el director de Omb\u00fa Hub, Nicol\u00e1s Caro, explic\u00f3 que \u201cla academia es un espacio de rob\u00f3tica y programaci\u00f3n para ni\u00f1os y j\u00f3venes de entre 5 y 16 a\u00f1os\u201d. Detall\u00f3 que \u201clos chicos salieron segundos a nivel nacional de la WRO, la World Robotic Olympics, las olimpiadas de rob\u00f3tica a nivel mundial\u201d.<\/p>\n\n\n\n<p>Caro precis\u00f3 que \u201cgracias a este logro fueron invitados a una competencia internacional que se realizar\u00e1 en Panam\u00e1\u201d y agreg\u00f3 que \u201cla idea es poder conseguir los fondos para que los chicos representen a Tucum\u00e1n y al pa\u00eds\u201d.<\/p>\n\n\n\n<p>Durante el encuentro, los alumnos compartieron su experiencia. Benicio Diez Gonz\u00e1lez expres\u00f3: \u201cMe sent\u00ed emocionado porque no esper\u00e1bamos salir segundos, pero ahora podemos viajar a Panam\u00e1. Lo que se espera es que podamos lograr otro podio all\u00e1\u201d. Por su parte, Luca Di Pauli manifest\u00f3: \u201cMe encant\u00f3 la experiencia.&nbsp;Quiero ser programador y constructor de robots\u201d.<\/p>\n\n\n\n<p>ExpoCon<\/p>\n\n\n\n<p>La 2\u00b0 edici\u00f3n de la ExpoCon 2025, impulsada por el Gobierno de Tucum\u00e1n a trav\u00e9s del IDEP, reuni\u00f3 a m\u00e1s de 7.000 visitantes y 60 empresas locales. Casi 400 expositores mostraron productos y servicios vinculados a las industrias del conocimiento. Durante las dos jornadas, que se desarrollaron en el Hotel Sheraton, m\u00e1s de 45 disertantes compartieron conocimientos y experiencias con el p\u00fablico.<\/p>\n","protected":false},"excerpt":{"rendered":"<p>Los tucumanos obtuvieron el segundo puesto en la competencia nacional de la World Robotic Olympics&#8230;<\/p>\n","protected":false},"author":2,"featured_media":0,"comment_status":"open","ping_status":"open","sticky":false,"template":"","format":"standard","meta":{"footnotes":""},"categories":[2],"tags":[],"class_list":["post-48127","post","type-post","status-publish","format-standard","hentry","category-locales"],"_links":{"self":[{"href":"https:\/\/masquenoticiastucuman.com.ar\/index.php?rest_route=\/wp\/v2\/posts\/48127","targetHints":{"allow":["GET"]}}],"collection":[{"href":"https:\/\/masquenoticiastucuman.com.ar\/index.php?rest_route=\/wp\/v2\/posts"}],"about":[{"href":"https:\/\/masquenoticiastucuman.com.ar\/index.php?rest_route=\/wp\/v2\/types\/post"}],"author":[{"embeddable":true,"href":"https:\/\/masquenoticiastucuman.com.ar\/index.php?rest_route=\/wp\/v2\/users\/2"}],"replies":[{"embeddable":true,"href":"https:\/\/masquenoticiastucuman.com.ar\/index.php?rest_route=%2Fwp%2Fv2%2Fcomments&post=48127"}],"version-history":[{"count":1,"href":"https:\/\/masquenoticiastucuman.com.ar\/index.php?rest_route=\/wp\/v2\/posts\/48127\/revisions"}],"predecessor-version":[{"id":48131,"href":"https:\/\/masquenoticiastucuman.com.ar\/index.php?rest_route=\/wp\/v2\/posts\/48127\/revisions\/48131"}],"wp:attachment":[{"href":"https:\/\/masquenoticiastucuman.com.ar\/index.php?rest_route=%2Fwp%2Fv2%2Fmedia&parent=48127"}],"wp:term":[{"taxonomy":"category","embeddable":true,"href":"https:\/\/masquenoticiastucuman.com.ar\/index.php?rest_route=%2Fwp%2Fv2%2Fcategories&post=48127"},{"taxonomy":"post_tag","embeddable":true,"href":"https:\/\/masquenoticiastucuman.com.ar\/index.php?rest_route=%2Fwp%2Fv2%2Ftags&post=48127"}],"curies":[{"name":"wp","href":"https:\/\/api.w.org\/{rel}","templated":true}]}}