{"id":48136,"date":"2025-10-13T19:01:02","date_gmt":"2025-10-13T22:01:02","guid":{"rendered":"http:\/\/masquenoticiastucuman.com.ar\/?p=48136"},"modified":"2025-10-13T19:01:02","modified_gmt":"2025-10-13T22:01:02","slug":"por-primera-vez-en-cinco-anos-la-siembra-de-soja-arranca-con-perfiles-cargados-de-humedad-en-la-zona-nucleo","status":"publish","type":"post","link":"https:\/\/masquenoticiastucuman.com.ar\/?p=48136","title":{"rendered":"Por primera vez en cinco a\u00f1os, la siembra de soja arranca con perfiles cargados de humedad en la zona n\u00facleo"},"content":{"rendered":"<ul>\n<li>Si bien se espera una reducci\u00f3n del \u00e1rea sembrada, se har\u00eda con planteos de mayor tecnolog\u00eda.<\/li>\n<li>La siembra de ma\u00edz temprano avanz\u00f3 a pesar de las dificultades por excesos h\u00eddricos.<\/li>\n<li>El trigo est\u00e1 en excelente estado y prevalece el buen \u00e1nimo entre los productores.<\/li>\n<\/ul>","protected":false},"excerpt":{"rendered":"<p>Si bien se espera una reducci\u00f3n del \u00e1rea sembrada, se har\u00eda con planteos de mayor&#8230;<\/p>\n","protected":false},"author":1,"featured_media":0,"comment_status":"open","ping_status":"open","sticky":false,"template":"","format":"standard","meta":{"footnotes":""},"categories":[],"tags":[],"class_list":["post-48136","post","type-post","status-publish","format-standard","hentry"],"_links":{"self":[{"href":"https:\/\/masquenoticiastucuman.com.ar\/index.php?rest_route=\/wp\/v2\/posts\/48136","targetHints":{"allow":["GET"]}}],"collection":[{"href":"https:\/\/masquenoticiastucuman.com.ar\/index.php?rest_route=\/wp\/v2\/posts"}],"about":[{"href":"https:\/\/masquenoticiastucuman.com.ar\/index.php?rest_route=\/wp\/v2\/types\/post"}],"author":[{"embeddable":true,"href":"https:\/\/masquenoticiastucuman.com.ar\/index.php?rest_route=\/wp\/v2\/users\/1"}],"replies":[{"embeddable":true,"href":"https:\/\/masquenoticiastucuman.com.ar\/index.php?rest_route=%2Fwp%2Fv2%2Fcomments&post=48136"}],"version-history":[{"count":0,"href":"https:\/\/masquenoticiastucuman.com.ar\/index.php?rest_route=\/wp\/v2\/posts\/48136\/revisions"}],"wp:attachment":[{"href":"https:\/\/masquenoticiastucuman.com.ar\/index.php?rest_route=%2Fwp%2Fv2%2Fmedia&parent=48136"}],"wp:term":[{"taxonomy":"category","embeddable":true,"href":"https:\/\/masquenoticiastucuman.com.ar\/index.php?rest_route=%2Fwp%2Fv2%2Fcategories&post=48136"},{"taxonomy":"post_tag","embeddable":true,"href":"https:\/\/masquenoticiastucuman.com.ar\/index.php?rest_route=%2Fwp%2Fv2%2Ftags&post=48136"}],"curies":[{"name":"wp","href":"https:\/\/api.w.org\/{rel}","templated":true}]}}