{"id":48144,"date":"2025-10-13T21:31:04","date_gmt":"2025-10-14T00:31:04","guid":{"rendered":"http:\/\/masquenoticiastucuman.com.ar\/?p=48144"},"modified":"2025-10-13T21:31:04","modified_gmt":"2025-10-14T00:31:04","slug":"susto-en-la-primera-b-un-futbolista-de-sacachispas-se-golpeo-la-cabeza-contra-un-paredon-de-la-tribuna","status":"publish","type":"post","link":"https:\/\/masquenoticiastucuman.com.ar\/?p=48144","title":{"rendered":"Susto en la Primera B: un futbolista de Sacachispas se golpe\u00f3 la cabeza contra un pared\u00f3n de la tribuna"},"content":{"rendered":"<ul>\n<li>Se trata de Joel Mart\u00ednez, el futbolista del equipo que milita en la Primera B, que perdi\u00f3 el equilibrio por un roce con un defensor cuando intentaba sacar un centro.<\/li>\n<li>El partido se suspendi\u00f3 a los siete minutos por el fuerte golpe del delantero del Lila que est\u00e1 fuera de peligro.<\/li>\n<\/ul>\n<p>\u200bSe trata de Joel Mart\u00ednez, el futbolista del equipo que milita en la Primera B, que perdi\u00f3 el equilibrio por un roce con un defensor cuando intentaba sacar un centro.El partido se suspendi\u00f3 a los siete minutos por el fuerte golpe del delantero del Lila que est\u00e1 fuera de peligro.\u00a0<a href=\"https:\/\/www.clarin.com\/deportes\/susto-primera-b-futbolista-sacachispas-golpeo-cabeza-paredon-tribuna_0_vIsH1CNvEB.html\" target=\"_blank\" class=\"feedzy-rss-link-icon\">Read More<\/a><\/p>","protected":false},"excerpt":{"rendered":"<p>Se trata de Joel Mart\u00ednez, el futbolista del equipo que milita en la Primera B,&#8230;<\/p>\n","protected":false},"author":1,"featured_media":0,"comment_status":"open","ping_status":"open","sticky":false,"template":"","format":"standard","meta":{"footnotes":""},"categories":[1],"tags":[],"class_list":["post-48144","post","type-post","status-publish","format-standard","hentry","category-uncategorized"],"_links":{"self":[{"href":"https:\/\/masquenoticiastucuman.com.ar\/index.php?rest_route=\/wp\/v2\/posts\/48144","targetHints":{"allow":["GET"]}}],"collection":[{"href":"https:\/\/masquenoticiastucuman.com.ar\/index.php?rest_route=\/wp\/v2\/posts"}],"about":[{"href":"https:\/\/masquenoticiastucuman.com.ar\/index.php?rest_route=\/wp\/v2\/types\/post"}],"author":[{"embeddable":true,"href":"https:\/\/masquenoticiastucuman.com.ar\/index.php?rest_route=\/wp\/v2\/users\/1"}],"replies":[{"embeddable":true,"href":"https:\/\/masquenoticiastucuman.com.ar\/index.php?rest_route=%2Fwp%2Fv2%2Fcomments&post=48144"}],"version-history":[{"count":0,"href":"https:\/\/masquenoticiastucuman.com.ar\/index.php?rest_route=\/wp\/v2\/posts\/48144\/revisions"}],"wp:attachment":[{"href":"https:\/\/masquenoticiastucuman.com.ar\/index.php?rest_route=%2Fwp%2Fv2%2Fmedia&parent=48144"}],"wp:term":[{"taxonomy":"category","embeddable":true,"href":"https:\/\/masquenoticiastucuman.com.ar\/index.php?rest_route=%2Fwp%2Fv2%2Fcategories&post=48144"},{"taxonomy":"post_tag","embeddable":true,"href":"https:\/\/masquenoticiastucuman.com.ar\/index.php?rest_route=%2Fwp%2Fv2%2Ftags&post=48144"}],"curies":[{"name":"wp","href":"https:\/\/api.w.org\/{rel}","templated":true}]}}