{"id":48151,"date":"2025-10-14T08:20:38","date_gmt":"2025-10-14T11:20:38","guid":{"rendered":"https:\/\/masquenoticiastucuman.com.ar\/?p=48151"},"modified":"2025-10-14T08:20:38","modified_gmt":"2025-10-14T11:20:38","slug":"habilitan-una-nueva-unidad-para-adultos-mayores-alojados-en-comisarias","status":"publish","type":"post","link":"https:\/\/masquenoticiastucuman.com.ar\/?p=48151","title":{"rendered":"Habilitan una nueva unidad para adultos mayores alojados en comisar\u00edas"},"content":{"rendered":"\n<p>Es la Unidad 4 ubicada en Lastenia que antes conten\u00eda a mujeres. Fueron trasladados ayer lunes los primeros 10 de los 60 reos que est\u00e1 previsto que convivan en el lugar.<\/p>\n\n\n\n<p id=\"isPasted\">El ministro de Seguridad,&nbsp;<strong>Eugenio Ag\u00fcero Gamboa, inspeccion\u00f3<\/strong>&nbsp;la Unidad n\u00famero 4, ubicada en Banda del R\u00edo Sal\u00ed, que anteriormente pertenec\u00eda a internas femeninas y que ahora con un edificio reacondicionado albergar\u00e1 a 60 personas privadas de su libertad, mayores de 65 a\u00f1os con pronto cumplimento de su condena.&nbsp;<strong>Ayer lunes se procedi\u00f3 al traslado de los primeros 10 internos bajo un reforzado operativo de seguridad.<\/strong><\/p>\n\n\n\n<p><strong>El ministro estuvo acompa\u00f1ado por el subsecretario de Asuntos Penitenciarios, Sebasti\u00e1n Tula Rizo; el director y subdirector del Servicio Penitenciario de Tucum\u00e1n, Antonio Quinteros y Diego Leal, respectivamente; el director del nuevo espacio, subcomisario Pablo Viscido<\/strong>&nbsp;y otros integrantes de la cartera de Seguridad.<\/p>\n\n\n\n<p>Los reos continuaran con un r\u00e9gimen estricto de visitas y recibir\u00e1n el tratamiento necesario para su reinserci\u00f3n social (una vez que se concrete su egreso) y, evitar en lo posible, una reincidencia.<\/p>\n\n\n\n<p>\u201cHoy se pone en marcha la reutilizaci\u00f3n de esta Unidad que antes fue un lugar de alojamiento para mujeres; hoy ser\u00e1 para personas adultos-mayores de 65 a\u00f1os\u201d, se\u00f1al\u00f3 el titular de la cartera de seguridad, quien adem\u00e1s destac\u00f3 que el edificio fue reformado, reestructurado y reacondicionado para estos internos que ser\u00e1n trasladados de manera gradual.<\/p>\n\n\n\n<figure class=\"wp-block-image size-large\"><img decoding=\"async\" src=\"https:\/\/masquenoticiastucuman.com.ar\/wp-content\/uploads\/2025\/10\/251014074318_84728-1024x768.jpeg\" alt=\"\" class=\"wp-image-48152\" \/><\/figure>\n\n\n\n<p>Asimismo, el subsecretario de Asuntos Penitenciarios, explic\u00f3 que se est\u00e1n ultimando detalles para empezar el traslado de los internos alojados en comisar\u00edas, \u201cEn esta primera etapa se trasladar\u00e1 a diez internos y continuaremos de la misma forma los d\u00edas posteriores. Este nuevo espacio generado para personas mayores est\u00e1 compuesto de tres pabellones que fueron reacondicionados, en cada uno de ellos podr\u00e1n vivir 20 personas y ac\u00e1 recibir\u00e1n toda la atenci\u00f3n m\u00e9dica y social que se necesita para estas personas\u201d, enfatiz\u00f3 e hizo referencia al trabajo conjunto que realizan con los Ministerios de Salud y Desarrollo Social.<\/p>\n\n\n\n<p>Tula Rizo asegur\u00f3 que este traslado est\u00e1 pensado en el tratamiento y en la edad avanzada de estas personas: \u201cEl trato no es el mismo, pero si continuar\u00e1 respetando un r\u00e9gimen cerrado en el cual las personas internas no podr\u00e1n recibir comida, bebidas, cigarrillos, etc. Si bien se va a mantener un tratamiento acorde a la edad y las patolog\u00edas que pueda tener, se mantendr\u00e1 un r\u00e9gimen cerrado y estricto para estas personas\u201d.<\/p>\n\n\n\n<p>En el lugar se han preparado espacios, como ser un patio de recreo, un comedor y un \u00e1rea donde podr\u00e1n estudiar.<\/p>\n\n\n\n<figure class=\"wp-block-image size-large\"><img decoding=\"async\" src=\"https:\/\/masquenoticiastucuman.com.ar\/wp-content\/uploads\/2025\/10\/251014075149_73021-1-1024x682.jpeg\" alt=\"\" class=\"wp-image-48153\" \/><\/figure>\n\n\n\n<p>Con ello, el funcionario indic\u00f3 que, \u201cSe fue trabajando en pos de lo que uno viene haciendo, pensar en el tratamiento de la persona privada de la libertad y en dotarla de herramientas necesarias para que el d\u00eda que salga a su medio no reincida\u201d.<\/p>\n\n\n\n<p>Finalmente, el director Antonio Quinteros, detall\u00f3: \u201cEste lugar tendr\u00e1 la capacidad para 60 internos, con posible ampliaci\u00f3n de acuerdo a las reformas que podemos hacer. Esto revela el compromiso del gobernador y del ministro de Seguridad, est\u00e1n arraigados a las personas privadas de su libertad, sobre todo de aquellos de avanzada edad donde el tratamiento es fundamental\u201d, cerr\u00f3.<\/p>\n","protected":false},"excerpt":{"rendered":"<p>Es la Unidad 4 ubicada en Lastenia que antes conten\u00eda a mujeres. Fueron trasladados ayer&#8230;<\/p>\n","protected":false},"author":2,"featured_media":0,"comment_status":"open","ping_status":"open","sticky":false,"template":"","format":"standard","meta":{"footnotes":""},"categories":[2],"tags":[],"class_list":["post-48151","post","type-post","status-publish","format-standard","hentry","category-locales"],"_links":{"self":[{"href":"https:\/\/masquenoticiastucuman.com.ar\/index.php?rest_route=\/wp\/v2\/posts\/48151","targetHints":{"allow":["GET"]}}],"collection":[{"href":"https:\/\/masquenoticiastucuman.com.ar\/index.php?rest_route=\/wp\/v2\/posts"}],"about":[{"href":"https:\/\/masquenoticiastucuman.com.ar\/index.php?rest_route=\/wp\/v2\/types\/post"}],"author":[{"embeddable":true,"href":"https:\/\/masquenoticiastucuman.com.ar\/index.php?rest_route=\/wp\/v2\/users\/2"}],"replies":[{"embeddable":true,"href":"https:\/\/masquenoticiastucuman.com.ar\/index.php?rest_route=%2Fwp%2Fv2%2Fcomments&post=48151"}],"version-history":[{"count":1,"href":"https:\/\/masquenoticiastucuman.com.ar\/index.php?rest_route=\/wp\/v2\/posts\/48151\/revisions"}],"predecessor-version":[{"id":48155,"href":"https:\/\/masquenoticiastucuman.com.ar\/index.php?rest_route=\/wp\/v2\/posts\/48151\/revisions\/48155"}],"wp:attachment":[{"href":"https:\/\/masquenoticiastucuman.com.ar\/index.php?rest_route=%2Fwp%2Fv2%2Fmedia&parent=48151"}],"wp:term":[{"taxonomy":"category","embeddable":true,"href":"https:\/\/masquenoticiastucuman.com.ar\/index.php?rest_route=%2Fwp%2Fv2%2Fcategories&post=48151"},{"taxonomy":"post_tag","embeddable":true,"href":"https:\/\/masquenoticiastucuman.com.ar\/index.php?rest_route=%2Fwp%2Fv2%2Ftags&post=48151"}],"curies":[{"name":"wp","href":"https:\/\/api.w.org\/{rel}","templated":true}]}}