{"id":48164,"date":"2025-10-14T09:31:05","date_gmt":"2025-10-14T12:31:05","guid":{"rendered":"http:\/\/masquenoticiastucuman.com.ar\/?p=48164"},"modified":"2025-10-14T09:31:05","modified_gmt":"2025-10-14T12:31:05","slug":"la-mafia-olio-dinero-y-se-metio-en-los-juegos-olimpicos-de-invierno-de-2026-dos-hermanos-detenidos-y-contratos-multimillonarios-en-la-mira","status":"publish","type":"post","link":"https:\/\/masquenoticiastucuman.com.ar\/?p=48164","title":{"rendered":"La mafia oli\u00f3 dinero y se meti\u00f3 en los Juegos Ol\u00edmpicos de Invierno de 2026: dos hermanos detenidos y contratos multimillonarios en la mira"},"content":{"rendered":"<ul>\n<li>Dos hermanos romanos se mudaron a Cortina d&#8217;Ampezzo en busca de licitaciones.<\/li>\n<li>Una operaci\u00f3n policial destap\u00f3 el caso con v\u00ednculos entre el crimen organizado, la violencia y la ambici\u00f3n.<\/li>\n<li>El presupuesto de la cita deportiva asciende a 6.000 millones de euros.<\/li>\n<\/ul>\n<p>\u200bDos hermanos romanos se mudaron a Cortina d&#8217;Ampezzo en busca de licitaciones.Una operaci\u00f3n policial destap\u00f3 el caso con v\u00ednculos entre el crimen organizado, la violencia y la ambici\u00f3n.El presupuesto de la cita deportiva asciende a 6.000 millones de euros.\u00a0<a href=\"https:\/\/www.clarin.com\/deportes\/mafia-olio-dinero-metio-juegos-olimpicos-invierno-2026-hermanos-detenidos-contratos-multimillonarios-mira_0_KD4rnYv5BX.html\" target=\"_blank\" class=\"feedzy-rss-link-icon\">Read More<\/a><\/p>","protected":false},"excerpt":{"rendered":"<p>Dos hermanos romanos se mudaron a Cortina d&#8217;Ampezzo en busca de licitaciones. Una operaci\u00f3n policial&#8230;<\/p>\n","protected":false},"author":1,"featured_media":0,"comment_status":"open","ping_status":"open","sticky":false,"template":"","format":"standard","meta":{"footnotes":""},"categories":[1],"tags":[],"class_list":["post-48164","post","type-post","status-publish","format-standard","hentry","category-uncategorized"],"_links":{"self":[{"href":"https:\/\/masquenoticiastucuman.com.ar\/index.php?rest_route=\/wp\/v2\/posts\/48164","targetHints":{"allow":["GET"]}}],"collection":[{"href":"https:\/\/masquenoticiastucuman.com.ar\/index.php?rest_route=\/wp\/v2\/posts"}],"about":[{"href":"https:\/\/masquenoticiastucuman.com.ar\/index.php?rest_route=\/wp\/v2\/types\/post"}],"author":[{"embeddable":true,"href":"https:\/\/masquenoticiastucuman.com.ar\/index.php?rest_route=\/wp\/v2\/users\/1"}],"replies":[{"embeddable":true,"href":"https:\/\/masquenoticiastucuman.com.ar\/index.php?rest_route=%2Fwp%2Fv2%2Fcomments&post=48164"}],"version-history":[{"count":0,"href":"https:\/\/masquenoticiastucuman.com.ar\/index.php?rest_route=\/wp\/v2\/posts\/48164\/revisions"}],"wp:attachment":[{"href":"https:\/\/masquenoticiastucuman.com.ar\/index.php?rest_route=%2Fwp%2Fv2%2Fmedia&parent=48164"}],"wp:term":[{"taxonomy":"category","embeddable":true,"href":"https:\/\/masquenoticiastucuman.com.ar\/index.php?rest_route=%2Fwp%2Fv2%2Fcategories&post=48164"},{"taxonomy":"post_tag","embeddable":true,"href":"https:\/\/masquenoticiastucuman.com.ar\/index.php?rest_route=%2Fwp%2Fv2%2Ftags&post=48164"}],"curies":[{"name":"wp","href":"https:\/\/api.w.org\/{rel}","templated":true}]}}