{"id":48171,"date":"2025-10-14T11:31:42","date_gmt":"2025-10-14T14:31:42","guid":{"rendered":"https:\/\/masquenoticiastucuman.com.ar\/?p=48171"},"modified":"2025-10-14T11:31:42","modified_gmt":"2025-10-14T14:31:42","slug":"el-vicegobernador-acevedo-recibio-al-secretario-ejecutivo-administrativo-contable-del-siprosa","status":"publish","type":"post","link":"https:\/\/masquenoticiastucuman.com.ar\/?p=48171","title":{"rendered":"El vicegobernador Acevedo recibi\u00f3 al Secretario ejecutivo administrativo contable del Siprosa"},"content":{"rendered":"\n<p>El encuentro se llev\u00f3 a cabo en la Casa de Gobierno.<\/p>\n\n\n\n<p id=\"isPasted\">El vicegobernador,<strong>&nbsp;Miguel Acevedo,&nbsp;<\/strong>a cargo del Poder Ejecutivo, se reuni\u00f3 con el secretario ejecutivo administrativo contable del Siprosa,<strong>&nbsp;Fabio Andina,&nbsp;<\/strong>para abordar la problem\u00e1tica que atraviesan las obras sociales en el territorio tucumano.<\/p>\n\n\n\n<blockquote class=\"wp-block-quote is-layout-flow wp-block-quote-is-layout-flow\">\n<p>&#8220;Nosotros no solo atendemos a pacientes de Subsidio de Salud, sino tambi\u00e9n a quienes tienen obras sociales privadas tanto nacionales como provinciales. El aumento de esta demanda ha generado una deuda que, actualmente, la provincia asume con un esfuerzo importante tanto del Ministerio de Salud como del Ministerio de Econom\u00eda&#8221;, explic\u00f3 Andina.<\/p>\n<\/blockquote>\n\n\n\n<p>El Secretario ejecutivo detall\u00f3 que, ante la compleja situaci\u00f3n macroecon\u00f3mica que atraviesa el pa\u00eds, el estado provincial ha tenido que intervenir de manera activa, encarg\u00e1ndose de las prestaciones de los pacientes afiliados a obras sociales. En este contexto, se est\u00e1 trabajando en la renegociaci\u00f3n de las deudas con las obras sociales, con el objetivo de reducirlas y lograr una facturaci\u00f3n m\u00e1s equitativa para poder continuar con la atenci\u00f3n a los pacientes.<\/p>\n\n\n\n<p><em>Andina explic\u00f3 que la situaci\u00f3n obedece, en parte, al desfinanciamiento de las obras sociales por parte del gobierno nacional. &#8220;Muchas obras sociales no pueden subsistir sin el subsidio impl\u00edcito del estado provincial&#8221;, indic\u00f3.<\/em><\/p>\n\n\n\n<p>El funcionario resalt\u00f3, adem\u00e1s, que el gobernador en uso de licencia<strong>, Osvaldo Jaldo,<\/strong>&nbsp;ha sido claro en su enfoque: &#8220;El sistema de salud de la provincia debe responder tanto a la salud p\u00fablica como a la privada. Es por ello que, en este momento, estamos haciendo un gran esfuerzo para atender a cada vez m\u00e1s pacientes de obras sociales, quienes no solo nos eligen por una cuesti\u00f3n econ\u00f3mica, sino tambi\u00e9n por la calidad de las prestaciones que se han mejorado notablemente en esta gesti\u00f3n&#8221;, concluy\u00f3 Andina.<\/p>\n\n\n\n<p>Finalmente, destac\u00f3 que los pacientes est\u00e1n optando cada vez m\u00e1s por los efectores p\u00fablicos debido no solo a los costos, sino tambi\u00e9n al mejoramiento continuo de la calidad del servicio.<\/p>\n","protected":false},"excerpt":{"rendered":"<p>El encuentro se llev\u00f3 a cabo en la Casa de Gobierno. El vicegobernador,&nbsp;Miguel Acevedo,&nbsp;a cargo&#8230;<\/p>\n","protected":false},"author":2,"featured_media":0,"comment_status":"open","ping_status":"open","sticky":false,"template":"","format":"standard","meta":{"footnotes":""},"categories":[2],"tags":[],"class_list":["post-48171","post","type-post","status-publish","format-standard","hentry","category-locales"],"_links":{"self":[{"href":"https:\/\/masquenoticiastucuman.com.ar\/index.php?rest_route=\/wp\/v2\/posts\/48171","targetHints":{"allow":["GET"]}}],"collection":[{"href":"https:\/\/masquenoticiastucuman.com.ar\/index.php?rest_route=\/wp\/v2\/posts"}],"about":[{"href":"https:\/\/masquenoticiastucuman.com.ar\/index.php?rest_route=\/wp\/v2\/types\/post"}],"author":[{"embeddable":true,"href":"https:\/\/masquenoticiastucuman.com.ar\/index.php?rest_route=\/wp\/v2\/users\/2"}],"replies":[{"embeddable":true,"href":"https:\/\/masquenoticiastucuman.com.ar\/index.php?rest_route=%2Fwp%2Fv2%2Fcomments&post=48171"}],"version-history":[{"count":1,"href":"https:\/\/masquenoticiastucuman.com.ar\/index.php?rest_route=\/wp\/v2\/posts\/48171\/revisions"}],"predecessor-version":[{"id":48173,"href":"https:\/\/masquenoticiastucuman.com.ar\/index.php?rest_route=\/wp\/v2\/posts\/48171\/revisions\/48173"}],"wp:attachment":[{"href":"https:\/\/masquenoticiastucuman.com.ar\/index.php?rest_route=%2Fwp%2Fv2%2Fmedia&parent=48171"}],"wp:term":[{"taxonomy":"category","embeddable":true,"href":"https:\/\/masquenoticiastucuman.com.ar\/index.php?rest_route=%2Fwp%2Fv2%2Fcategories&post=48171"},{"taxonomy":"post_tag","embeddable":true,"href":"https:\/\/masquenoticiastucuman.com.ar\/index.php?rest_route=%2Fwp%2Fv2%2Ftags&post=48171"}],"curies":[{"name":"wp","href":"https:\/\/api.w.org\/{rel}","templated":true}]}}