{"id":48174,"date":"2025-10-14T11:42:20","date_gmt":"2025-10-14T14:42:20","guid":{"rendered":"https:\/\/masquenoticiastucuman.com.ar\/?p=48174"},"modified":"2025-10-14T11:42:20","modified_gmt":"2025-10-14T14:42:20","slug":"se-realizo-con-exito-el-traslado-sanitario-de-un-joven-de-12-anos-a-buenos-aires","status":"publish","type":"post","link":"https:\/\/masquenoticiastucuman.com.ar\/?p=48174","title":{"rendered":"Se realiz\u00f3 con \u00e9xito el traslado sanitario de un joven de 12 a\u00f1os a Buenos Aires"},"content":{"rendered":"\n<p>En el d\u00eda de la fecha, se realiz\u00f3 el traslado en el avi\u00f3n sanitario de la provincia, de un joven que por su patolog\u00eda fue derivado a un centro de mayor de complejidad en CABA.<\/p>\n\n\n\n<p id=\"isPasted\">Cabe destacar que, gracias a la decisi\u00f3n del gobernador de la provincia en uso de licencia,&nbsp;<strong>Osvaldo Jaldo<\/strong>, de poner a disponibilidad del Ministerio de Salud y los tucumanos los aviones y helic\u00f3pteros sanitarios, el traslado se hizo de manera oportuna y con celeridad, bajo los lineamientos del ministro de Salud,&nbsp;<strong>Luis Medina Ruiz.<\/strong><\/p>\n\n\n\n<p>Se trata de un joven de 12 a\u00f1os que viaj\u00f3 con ambos padres debido a su diagn\u00f3stico de osteosarcoma, oriundos de Monteros donde fue derivado a un Centro de Mayor de Complejidad de CABA. La familia fue acompa\u00f1ada por la Divisi\u00f3n de Servicio Social del Siprosa, durante todo el proceso, orient\u00e1ndolos y gui\u00e1ndolos en la gesti\u00f3n, como as\u00ed tambi\u00e9n se brind\u00f3 contenci\u00f3n para afrontar la problem\u00e1tica de salud compleja del menor.<\/p>\n\n\n\n<figure class=\"wp-block-image size-large\"><img decoding=\"async\" src=\"https:\/\/masquenoticiastucuman.com.ar\/wp-content\/uploads\/2025\/10\/251014102804_44704-1024x683.jpg\" alt=\"\" class=\"wp-image-48175\" \/><\/figure>\n\n\n\n<p>Viajaron con m\u00e9dica aeroevacuadora,\u00a0<strong>Patricia Villagra<\/strong>\u00a0y la enfermera\u00a0<strong>Lorena Gonz\u00e1lez<\/strong>. Al respecto, la profesional m\u00e9dica expres\u00f3 que durante el vuelo el paciente se mantuvo estable, llegando al aeropuerto de destino compensado y par\u00e1metros normales. De la direcci\u00f3n de Aeron\u00e1utica, a cargo\u00a0<strong>Efra\u00edn Leccese<\/strong>, fueron afectados los pilotos: el comandante\u00a0<strong>Jos\u00e9 Luis Busto<\/strong>\u00a0y copiloto\u00a0<strong>Eduardo Pastor.<\/strong><\/p>\n","protected":false},"excerpt":{"rendered":"<p>En el d\u00eda de la fecha, se realiz\u00f3 el traslado en el avi\u00f3n sanitario de&#8230;<\/p>\n","protected":false},"author":2,"featured_media":0,"comment_status":"open","ping_status":"open","sticky":false,"template":"","format":"standard","meta":{"footnotes":""},"categories":[2],"tags":[],"class_list":["post-48174","post","type-post","status-publish","format-standard","hentry","category-locales"],"_links":{"self":[{"href":"https:\/\/masquenoticiastucuman.com.ar\/index.php?rest_route=\/wp\/v2\/posts\/48174","targetHints":{"allow":["GET"]}}],"collection":[{"href":"https:\/\/masquenoticiastucuman.com.ar\/index.php?rest_route=\/wp\/v2\/posts"}],"about":[{"href":"https:\/\/masquenoticiastucuman.com.ar\/index.php?rest_route=\/wp\/v2\/types\/post"}],"author":[{"embeddable":true,"href":"https:\/\/masquenoticiastucuman.com.ar\/index.php?rest_route=\/wp\/v2\/users\/2"}],"replies":[{"embeddable":true,"href":"https:\/\/masquenoticiastucuman.com.ar\/index.php?rest_route=%2Fwp%2Fv2%2Fcomments&post=48174"}],"version-history":[{"count":1,"href":"https:\/\/masquenoticiastucuman.com.ar\/index.php?rest_route=\/wp\/v2\/posts\/48174\/revisions"}],"predecessor-version":[{"id":48177,"href":"https:\/\/masquenoticiastucuman.com.ar\/index.php?rest_route=\/wp\/v2\/posts\/48174\/revisions\/48177"}],"wp:attachment":[{"href":"https:\/\/masquenoticiastucuman.com.ar\/index.php?rest_route=%2Fwp%2Fv2%2Fmedia&parent=48174"}],"wp:term":[{"taxonomy":"category","embeddable":true,"href":"https:\/\/masquenoticiastucuman.com.ar\/index.php?rest_route=%2Fwp%2Fv2%2Fcategories&post=48174"},{"taxonomy":"post_tag","embeddable":true,"href":"https:\/\/masquenoticiastucuman.com.ar\/index.php?rest_route=%2Fwp%2Fv2%2Ftags&post=48174"}],"curies":[{"name":"wp","href":"https:\/\/api.w.org\/{rel}","templated":true}]}}