{"id":48188,"date":"2025-10-14T21:31:04","date_gmt":"2025-10-15T00:31:04","guid":{"rendered":"http:\/\/masquenoticiastucuman.com.ar\/?p=48188"},"modified":"2025-10-14T21:31:04","modified_gmt":"2025-10-15T00:31:04","slug":"san-lorenzo-en-constante-ebullicion-del-no-renuncio-de-moretti-a-la-posibilidad-concreta-de-decretar-la-quiebra","status":"publish","type":"post","link":"https:\/\/masquenoticiastucuman.com.ar\/?p=48188","title":{"rendered":"San Lorenzo, en constante ebullici\u00f3n: del &#8220;no renuncio&#8221; de Moretti a la posibilidad concreta de decretar la quiebra"},"content":{"rendered":"<ul>\n<li>Tras la escapatoria corriendo de la sede por la presi\u00f3n de los hinchas, el presidente habl\u00f3 con Clar\u00edn.<\/li>\n<li>\u00bfCu\u00e1l es el plazo para cubrir la deuda que afronta el club de Boedo?<\/li>\n<\/ul>\n<p>\u200bTras la escapatoria corriendo de la sede por la presi\u00f3n de los hinchas, el presidente habl\u00f3 con Clar\u00edn.\u00bfCu\u00e1l es el plazo para cubrir la deuda que afronta el club de Boedo?\u00a0<a href=\"https:\/\/www.clarin.com\/deportes\/san-lorenzo-constante-ebullicion-renuncio-moretti-posibilidad-concreta-decretar-quiebra_0_AouQRrvN8s.html\" target=\"_blank\" class=\"feedzy-rss-link-icon\">Read More<\/a><\/p>","protected":false},"excerpt":{"rendered":"<p>Tras la escapatoria corriendo de la sede por la presi\u00f3n de los hinchas, el presidente&#8230;<\/p>\n","protected":false},"author":1,"featured_media":0,"comment_status":"open","ping_status":"open","sticky":false,"template":"","format":"standard","meta":{"footnotes":""},"categories":[1],"tags":[],"class_list":["post-48188","post","type-post","status-publish","format-standard","hentry","category-uncategorized"],"_links":{"self":[{"href":"https:\/\/masquenoticiastucuman.com.ar\/index.php?rest_route=\/wp\/v2\/posts\/48188","targetHints":{"allow":["GET"]}}],"collection":[{"href":"https:\/\/masquenoticiastucuman.com.ar\/index.php?rest_route=\/wp\/v2\/posts"}],"about":[{"href":"https:\/\/masquenoticiastucuman.com.ar\/index.php?rest_route=\/wp\/v2\/types\/post"}],"author":[{"embeddable":true,"href":"https:\/\/masquenoticiastucuman.com.ar\/index.php?rest_route=\/wp\/v2\/users\/1"}],"replies":[{"embeddable":true,"href":"https:\/\/masquenoticiastucuman.com.ar\/index.php?rest_route=%2Fwp%2Fv2%2Fcomments&post=48188"}],"version-history":[{"count":0,"href":"https:\/\/masquenoticiastucuman.com.ar\/index.php?rest_route=\/wp\/v2\/posts\/48188\/revisions"}],"wp:attachment":[{"href":"https:\/\/masquenoticiastucuman.com.ar\/index.php?rest_route=%2Fwp%2Fv2%2Fmedia&parent=48188"}],"wp:term":[{"taxonomy":"category","embeddable":true,"href":"https:\/\/masquenoticiastucuman.com.ar\/index.php?rest_route=%2Fwp%2Fv2%2Fcategories&post=48188"},{"taxonomy":"post_tag","embeddable":true,"href":"https:\/\/masquenoticiastucuman.com.ar\/index.php?rest_route=%2Fwp%2Fv2%2Ftags&post=48188"}],"curies":[{"name":"wp","href":"https:\/\/api.w.org\/{rel}","templated":true}]}}