{"id":48192,"date":"2025-10-15T07:12:21","date_gmt":"2025-10-15T10:12:21","guid":{"rendered":"https:\/\/masquenoticiastucuman.com.ar\/?p=48192"},"modified":"2025-10-15T07:12:22","modified_gmt":"2025-10-15T10:12:22","slug":"jaldo-visito-obras-de-urbanizacion-en-banda-del-rio-sali","status":"publish","type":"post","link":"https:\/\/masquenoticiastucuman.com.ar\/?p=48192","title":{"rendered":"Jaldo visit\u00f3 obras de urbanizaci\u00f3n en Banda del R\u00edo Sal\u00ed"},"content":{"rendered":"\n<p>Las mejoras son para beneficio de los vecinos de esa ciudad.<\/p>\n\n\n\n<p id=\"isPasted\">El gobernador en uso de licencia<strong>&nbsp;Osvaldo Jaldo<\/strong>&nbsp;estuvo este martes en Banda del Rio Sal\u00ed donde visit\u00f3 obras de urbanizaci\u00f3n.&nbsp;<\/p>\n\n\n\n<p>Acompa\u00f1aron el presidente subrogante de la Legislatura,<strong>&nbsp;Sergio Mansilla<\/strong>; el ministro del Interior,<strong>&nbsp;Dar\u00edo Monteros<\/strong>; de Gobierno y Justicia,&nbsp;<strong>Regino Amado;<\/strong>&nbsp;las diputadas&nbsp;<strong>Gladys Medina, Elia Fern\u00e1ndez;&nbsp;<\/strong>el intendente de Banda del R\u00edo Sal\u00ed,&nbsp;<strong>Gonzalo Monteros;<\/strong>&nbsp;de Taf\u00ed del Valle,&nbsp;<strong>Francisco Caliva<\/strong>; el legislador<strong>&nbsp;Marcelo Herrera;<\/strong>&nbsp;titular del IPLA,&nbsp;<strong>Dante Loza<\/strong>, el secretario Gesti\u00f3n P\u00fablica y Planeamiento,&nbsp;<strong>Javier Morof.<\/strong><\/p>\n\n\n\n<p>Recorrieron la Calle Guatemala (sector Sur), donde se completaron 2.153 metros cuadrados de pavimento asf\u00e1ltico, al igual que los trabajos de asfaltado en las calles Ibat\u00edn y Tr\u00e1nsito, que sumaron m\u00e1s de 2.000 &nbsp;metros cuadrados de nueva superficie de rodamiento, vitales para la conexi\u00f3n interna del municipio.<\/p>\n\n\n\n<p>Adem\u00e1s, se visitaron zonas clave de desarrollo donde el adoquinado y la infraestructura de desag\u00fce eran prioritarios. Las autoridades inspeccionaron el progreso en la Calle Santo Domingo, donde se instalaron 940 metros de cord\u00f3n cuneta junto a 1.645 metros cuadrados de adoquinado, fundamental para el drenaje. El mismo impacto se constat\u00f3 en el sector norte, en los Pasajes Hait\u00ed, M\u00e9xico, Paraguay y Guatemala. Finalmente, el recorrido incluy\u00f3 paradas modernas de colectivos, dise\u00f1adas para brindar mayor seguridad y comodidad a los usuarios del transporte p\u00fablico.<\/p>\n\n\n\n<p>A su vez, el municipio contar\u00e1 con un cami\u00f3n cero kil\u00f3metro para servicios p\u00fablicos.<\/p>\n\n\n\n<p id=\"isPasted\">Jaldo resalt\u00f3 que las obras visitadas \u2014como el adoquinado y pavimento nuevo en el barrio El Palomar y otras zonas\u2014 demuestran que el intendente Monteros&nbsp;<strong><\/strong>\u00abno gobierna solamente para el centro de la Banda, sino tambi\u00e9n gobierna para aquellos barrios que realmente est\u00e1n alrededor\u00bb.<\/p>\n\n\n\n<p>El gobernador en uso de licencia subray\u00f3 el impacto directo en la calidad de vida de los ciudadanos:&nbsp;<strong><\/strong>\u00ablos vecinos no pod\u00edan salir ni siquiera a tomar un mate por la tierra o por el barro cuando llov\u00eda, como es la zona del Palomar\u00bb<strong><\/strong>, asegurando que ahora el mejoramiento de calles y el nuevo alumbrado p\u00fablico&nbsp;<strong><\/strong>\u00able marcaba un antes y un despu\u00e9s a la familia\u00bb y \u00able mejoraba la calidad de vida\u00bb.<\/p>\n\n\n\n<figure class=\"wp-block-image size-large\"><img decoding=\"async\" src=\"https:\/\/masquenoticiastucuman.com.ar\/wp-content\/uploads\/2025\/10\/251014204132_55830-1024x576.jpeg\" alt=\"\" class=\"wp-image-48193\" \/><\/figure>\n\n\n\n<p>En un mensaje cr\u00edtico a la administraci\u00f3n central, Jaldo contrast\u00f3 la situaci\u00f3n:&nbsp;<strong><\/strong>\u00abEn la naci\u00f3n no hay obra, en la naci\u00f3n no hay empleo, todo lo contrario, paralizaron las obras, hay desocupaci\u00f3n y en Tucum\u00e1n seguimos con nuestra gesti\u00f3n\u00bb.<\/p>\n\n\n\n<p>Respecto al sostenimiento de la gesti\u00f3n, el mandatario afirm\u00f3 que se logra&nbsp;<strong><\/strong>\u00aba\u00fan sin la ayuda de la Naci\u00f3n\u00bb al mantener \u00ablos servicios esenciales atendiendo al d\u00eda: salud, educaci\u00f3n, seguridad\u00bb<strong><\/strong>&nbsp;y haciendo<strong>&nbsp;<\/strong>\u00abobras con nuestros recursos del presupuesto provincial\u00bb.<strong><\/strong><\/p>\n\n\n\n<p>Finalmente, Jaldo explic\u00f3 que las obras nacionales que s\u00ed llegan a la provincia son producto de la gesti\u00f3n previa, indicando que son resultado de&nbsp;<strong><\/strong>\u00abun convenio de compensaci\u00f3n de deuda que hemos firmado con el jefe de Gabinete y quien habla como gobernador\u00bb<strong><\/strong>. Para Jaldo, el supuesto sobresaliente de Tucum\u00e1n es&nbsp;<strong><\/strong>\u00abproducto del trabajo que venimos haciendo, de la gesti\u00f3n de gobierno de quien habla, de nuestro equipo, de los intendentes\u00bb<strong><\/strong>&nbsp;y, fundamentalmente, del&nbsp;<strong><\/strong>\u00abacompa\u00f1amiento de todos los tucumanos y tucumanas\u00bb.<\/p>\n\n\n\n<p id=\"isPasted\">El ministro del Interior, Dar\u00edo Monteros, asegur\u00f3 que la continuidad de las obras muestra que el gobierno provincial va \u00abpor un buen camino\u00bb. El ministro se refiri\u00f3 a la \u00abincre\u00edble\u00bb cantidad de \u00abobras y servicios que se han hecho en la provincia\u00bb durante los dos primeros a\u00f1os de gesti\u00f3n, y ejemplific\u00f3 con la ciudad que visitaron: \u00abHoy lo hemos visto casualmente ac\u00e1 en Banda del R\u00edo Sal\u00ed, en un barrio con tantas necesidades como el barrio Capit\u00e1n Candelaria, este pasaje Santo Domingo, el pasaje Ibat\u00edn, el pasaje Tr\u00e1nsito, la repavimentaci\u00f3n de esta calle Guatemala\u2026 esto lo venimos replicando en cada uno de los municipios del interior y en las 93 comunas.\u00bb<\/p>\n\n\n\n<p>Por su parte, la diputada nacional Gladys Medina manifest\u00f3 estar \u00abmuy contenta hoy de manera especial ac\u00e1 en mi ciudad\u00bb, enfatizando la transformaci\u00f3n de los barrios m\u00e1s humildes. La diputada resalt\u00f3 el c\u00e1lido recibimiento de la gente: \u00abVe\u00edamos c\u00f3mo los vecinos sal\u00edan a recibirnos, acompa\u00f1arnos en todos los barrios. As\u00ed que, bueno, agradecerles por el gran acompa\u00f1amiento y por el cari\u00f1o que hemos recibido. Me he emocionado, as\u00ed que, bueno, esto sucede en cada pueblo, en cada ciudad donde vamos.\u00bb<\/p>\n\n\n\n<p>El intendente local, Gonzalo Monteros, celebr\u00f3 la visita, se\u00f1alando que Jaldo \u00abes un hombre muy querido por el pueblo bande\u00f1o\u00bb. El jefe municipal destac\u00f3 que, con el respaldo provincial, est\u00e1n logrando concretar anhelos postergados por a\u00f1os: \u00abA partir de las ayudas que se realizan desde el gobierno provincial, podemos cumplir muchos de los sue\u00f1os que han tenido postergados por muchos a\u00f1os nuestros vecinos.\u00bb<\/p>\n\n\n\n<p>Finalmente, detall\u00f3 las intervenciones m\u00e1s recientes, como la \u00abimportante obra de urbanizaci\u00f3n con 10 cuadras en el pasaje Santo Domingo\u00bb en el barrio El Palomar y las \u00ab8 cuadras de pavimento en la calle Guatemala e Ibat\u00edn\u00bb en la zona de Caro. El intendente concluy\u00f3 que esto demuestra el objetivo de su gesti\u00f3n: \u00abla obra p\u00fablica con pavimento, con el mejoramiento del espacio p\u00fablico, dignificando la vida de nuestra gente\u00bb.<\/p>\n","protected":false},"excerpt":{"rendered":"<p>Las mejoras son para beneficio de los vecinos de esa ciudad. El gobernador en uso&#8230;<\/p>\n","protected":false},"author":2,"featured_media":0,"comment_status":"open","ping_status":"open","sticky":false,"template":"","format":"standard","meta":{"footnotes":""},"categories":[2],"tags":[],"class_list":["post-48192","post","type-post","status-publish","format-standard","hentry","category-locales"],"_links":{"self":[{"href":"https:\/\/masquenoticiastucuman.com.ar\/index.php?rest_route=\/wp\/v2\/posts\/48192","targetHints":{"allow":["GET"]}}],"collection":[{"href":"https:\/\/masquenoticiastucuman.com.ar\/index.php?rest_route=\/wp\/v2\/posts"}],"about":[{"href":"https:\/\/masquenoticiastucuman.com.ar\/index.php?rest_route=\/wp\/v2\/types\/post"}],"author":[{"embeddable":true,"href":"https:\/\/masquenoticiastucuman.com.ar\/index.php?rest_route=\/wp\/v2\/users\/2"}],"replies":[{"embeddable":true,"href":"https:\/\/masquenoticiastucuman.com.ar\/index.php?rest_route=%2Fwp%2Fv2%2Fcomments&post=48192"}],"version-history":[{"count":1,"href":"https:\/\/masquenoticiastucuman.com.ar\/index.php?rest_route=\/wp\/v2\/posts\/48192\/revisions"}],"predecessor-version":[{"id":48195,"href":"https:\/\/masquenoticiastucuman.com.ar\/index.php?rest_route=\/wp\/v2\/posts\/48192\/revisions\/48195"}],"wp:attachment":[{"href":"https:\/\/masquenoticiastucuman.com.ar\/index.php?rest_route=%2Fwp%2Fv2%2Fmedia&parent=48192"}],"wp:term":[{"taxonomy":"category","embeddable":true,"href":"https:\/\/masquenoticiastucuman.com.ar\/index.php?rest_route=%2Fwp%2Fv2%2Fcategories&post=48192"},{"taxonomy":"post_tag","embeddable":true,"href":"https:\/\/masquenoticiastucuman.com.ar\/index.php?rest_route=%2Fwp%2Fv2%2Ftags&post=48192"}],"curies":[{"name":"wp","href":"https:\/\/api.w.org\/{rel}","templated":true}]}}