{"id":48196,"date":"2025-10-15T07:23:59","date_gmt":"2025-10-15T10:23:59","guid":{"rendered":"https:\/\/masquenoticiastucuman.com.ar\/?p=48196"},"modified":"2025-10-15T07:23:59","modified_gmt":"2025-10-15T10:23:59","slug":"la-provincia-avanza-con-el-proyecto-de-defensa-del-rio-santa-maria","status":"publish","type":"post","link":"https:\/\/masquenoticiastucuman.com.ar\/?p=48196","title":{"rendered":"La Provincia avanza con el proyecto de defensa del r\u00edo Santa Mar\u00eda"},"content":{"rendered":"\n<p>La Direcci\u00f3n Provincial del Agua (DPA) finaliz\u00f3 el an\u00e1lisis t\u00e9cnico para la ejecuci\u00f3n de una obra de defensa en el tramo bajo de El Ba\u00f1ado, crucial para proteger la Ruta Nacional N\u00b0 40 y a las familias de la zona.<\/p>\n\n\n\n<p>El Ministerio de Obras, Infraestructura y Transporte P\u00fablico finaliz\u00f3 los estudios de factibilidad para una obra estructural de mitigaci\u00f3n en el tramo bajo del r\u00edo Santa Mar\u00eda, a la altura de El Ba\u00f1ado, una zona cr\u00edtica donde las crecidas estivales generan desbordes que comprometen la transitabilidad y la seguridad de la Ruta Nacional N\u00b0 40 y la poblaci\u00f3n circundante.<\/p>\n\n\n\n<p>El proyecto, elaborado por la Direcci\u00f3n Provincial del Agua (DPA), busca solucionar la problem\u00e1tica generada por la acumulaci\u00f3n de sedimentos, un fen\u00f3meno natural que ha elevado progresivamente el cauce del r\u00edo. La soluci\u00f3n propuesta se centra en la ejecuci\u00f3n de un terrapl\u00e9n longitudinal de defensa en la curva cr\u00edtica para contener los caudales. En paralelo, se realizar\u00e1 una excavaci\u00f3n de la secci\u00f3n del cauce para redireccionar el flujo de agua hacia el centro del r\u00edo. Adicionalmente, se plantea la forestaci\u00f3n controlada en la zona posterior del terrapl\u00e9n, una medida ambiental que consolidar\u00e1 el terreno, controlar\u00e1 la erosi\u00f3n e\u00f3lica y fortalecer\u00e1 la mitigaci\u00f3n de escurrimientos superficiales.<\/p>\n\n\n\n<p>El an\u00e1lisis en terreno fue llevado a cabo por el equipo t\u00e9cnico de la DPA, bajo la direcci\u00f3n del Ing. Marcelo Cancillieri, quienes se encargaron de recabar los datos para la implementaci\u00f3n. Esta acci\u00f3n directa se enmarca en la visi\u00f3n integral de gesti\u00f3n de recursos h\u00eddricos impulsada por el gobernador Osvaldo Jaldo y coordinada por el Ministerio de Obras, Infraestructura y Transporte P\u00fablico.<\/p>\n\n\n\n<p>El ministro Marcelo Nazur destac\u00f3 la importancia estrat\u00e9gica de estas intervenciones: \u201cla obra p\u00fablica de prevenci\u00f3n es una prioridad en nuestra gesti\u00f3n. Las intervenciones en el R\u00edo Santa Mar\u00eda son una respuesta directa a la necesidad de seguridad y protecci\u00f3n de las familias que viven en El Ba\u00f1ado y de los miles de tucumanos que usan la Ruta Nacional 40. Nuestro compromiso es pasar de la emergencia a la planificaci\u00f3n estrat\u00e9gica. Por eso, a trav\u00e9s de la DPA, buscamos soluciones t\u00e9cnicamente viables que mitiguen el riesgo de desbordes localizados, al tiempo que sentamos las bases para una estrategia de manejo integral y sostenible de toda la cuenca h\u00eddrica&#8221;.<\/p>\n\n\n\n<p>Con la puesta en marcha de esta obra de defensa, el Gobierno de Tucum\u00e1n ratifica su compromiso con la gesti\u00f3n preventiva y la resiliencia h\u00eddrica, invirtiendo en obras para mejorar la seguridad y la calidad de vida en el interior de la provincia.<\/p>\n","protected":false},"excerpt":{"rendered":"<p>La Direcci\u00f3n Provincial del Agua (DPA) finaliz\u00f3 el an\u00e1lisis t\u00e9cnico para la ejecuci\u00f3n de una&#8230;<\/p>\n","protected":false},"author":2,"featured_media":0,"comment_status":"open","ping_status":"open","sticky":false,"template":"","format":"standard","meta":{"footnotes":""},"categories":[2],"tags":[],"class_list":["post-48196","post","type-post","status-publish","format-standard","hentry","category-locales"],"_links":{"self":[{"href":"https:\/\/masquenoticiastucuman.com.ar\/index.php?rest_route=\/wp\/v2\/posts\/48196","targetHints":{"allow":["GET"]}}],"collection":[{"href":"https:\/\/masquenoticiastucuman.com.ar\/index.php?rest_route=\/wp\/v2\/posts"}],"about":[{"href":"https:\/\/masquenoticiastucuman.com.ar\/index.php?rest_route=\/wp\/v2\/types\/post"}],"author":[{"embeddable":true,"href":"https:\/\/masquenoticiastucuman.com.ar\/index.php?rest_route=\/wp\/v2\/users\/2"}],"replies":[{"embeddable":true,"href":"https:\/\/masquenoticiastucuman.com.ar\/index.php?rest_route=%2Fwp%2Fv2%2Fcomments&post=48196"}],"version-history":[{"count":1,"href":"https:\/\/masquenoticiastucuman.com.ar\/index.php?rest_route=\/wp\/v2\/posts\/48196\/revisions"}],"predecessor-version":[{"id":48198,"href":"https:\/\/masquenoticiastucuman.com.ar\/index.php?rest_route=\/wp\/v2\/posts\/48196\/revisions\/48198"}],"wp:attachment":[{"href":"https:\/\/masquenoticiastucuman.com.ar\/index.php?rest_route=%2Fwp%2Fv2%2Fmedia&parent=48196"}],"wp:term":[{"taxonomy":"category","embeddable":true,"href":"https:\/\/masquenoticiastucuman.com.ar\/index.php?rest_route=%2Fwp%2Fv2%2Fcategories&post=48196"},{"taxonomy":"post_tag","embeddable":true,"href":"https:\/\/masquenoticiastucuman.com.ar\/index.php?rest_route=%2Fwp%2Fv2%2Ftags&post=48196"}],"curies":[{"name":"wp","href":"https:\/\/api.w.org\/{rel}","templated":true}]}}