{"id":48199,"date":"2025-10-15T08:01:01","date_gmt":"2025-10-15T11:01:01","guid":{"rendered":"http:\/\/masquenoticiastucuman.com.ar\/?p=48199"},"modified":"2025-10-15T08:01:01","modified_gmt":"2025-10-15T11:01:01","slug":"cultivando-el-futuro-el-liderazgo-de-las-mujeres-rurales","status":"publish","type":"post","link":"https:\/\/masquenoticiastucuman.com.ar\/?p=48199","title":{"rendered":"Cultivando el futuro: el liderazgo de las mujeres rurales"},"content":{"rendered":"<ul>\n<li>En el D\u00eda Internacional de la Mujer Rural, BASF reafirma su compromiso con la equidad y la inclusi\u00f3n en el agro, destacando el rol fundamental de las mujeres en la producci\u00f3n, la innovaci\u00f3n y las comunidades rurales.<\/li>\n<\/ul>","protected":false},"excerpt":{"rendered":"<p>En el D\u00eda Internacional de la Mujer Rural, BASF reafirma su compromiso con la equidad&#8230;<\/p>\n","protected":false},"author":1,"featured_media":0,"comment_status":"open","ping_status":"open","sticky":false,"template":"","format":"standard","meta":{"footnotes":""},"categories":[],"tags":[],"class_list":["post-48199","post","type-post","status-publish","format-standard","hentry"],"_links":{"self":[{"href":"https:\/\/masquenoticiastucuman.com.ar\/index.php?rest_route=\/wp\/v2\/posts\/48199","targetHints":{"allow":["GET"]}}],"collection":[{"href":"https:\/\/masquenoticiastucuman.com.ar\/index.php?rest_route=\/wp\/v2\/posts"}],"about":[{"href":"https:\/\/masquenoticiastucuman.com.ar\/index.php?rest_route=\/wp\/v2\/types\/post"}],"author":[{"embeddable":true,"href":"https:\/\/masquenoticiastucuman.com.ar\/index.php?rest_route=\/wp\/v2\/users\/1"}],"replies":[{"embeddable":true,"href":"https:\/\/masquenoticiastucuman.com.ar\/index.php?rest_route=%2Fwp%2Fv2%2Fcomments&post=48199"}],"version-history":[{"count":0,"href":"https:\/\/masquenoticiastucuman.com.ar\/index.php?rest_route=\/wp\/v2\/posts\/48199\/revisions"}],"wp:attachment":[{"href":"https:\/\/masquenoticiastucuman.com.ar\/index.php?rest_route=%2Fwp%2Fv2%2Fmedia&parent=48199"}],"wp:term":[{"taxonomy":"category","embeddable":true,"href":"https:\/\/masquenoticiastucuman.com.ar\/index.php?rest_route=%2Fwp%2Fv2%2Fcategories&post=48199"},{"taxonomy":"post_tag","embeddable":true,"href":"https:\/\/masquenoticiastucuman.com.ar\/index.php?rest_route=%2Fwp%2Fv2%2Ftags&post=48199"}],"curies":[{"name":"wp","href":"https:\/\/api.w.org\/{rel}","templated":true}]}}