{"id":48216,"date":"2025-10-15T12:21:52","date_gmt":"2025-10-15T15:21:52","guid":{"rendered":"https:\/\/masquenoticiastucuman.com.ar\/?p=48216"},"modified":"2025-10-15T12:21:53","modified_gmt":"2025-10-15T15:21:53","slug":"el-gobernador-se-refirio-al-apoyo-economico-de-estados-unidos-a-la-argentina","status":"publish","type":"post","link":"https:\/\/masquenoticiastucuman.com.ar\/?p=48216","title":{"rendered":"El Gobernador se refiri\u00f3 al apoyo econ\u00f3mico de Estados Unidos a la Argentina"},"content":{"rendered":"\n<p>Jaldo sostuvo la importancia de que la poblaci\u00f3n conozca las condiciones de los eventuales acuerdos financieros con el pa\u00eds del norte.<\/p>\n\n\n\n<p>El gobernador en uso de licencia,<strong>&nbsp;Osvaldo Jaldo<\/strong>, se refiri\u00f3 este mi\u00e9rcoles por la ma\u00f1ana a la reuni\u00f3n que mantuvo el presidente&nbsp;<strong>Javier Milei<\/strong>, en Washington, con el mandatario de Estados Unidos,&nbsp;<strong>Donald Trump<\/strong>, quien habr\u00eda condicionado el apoyo financiero a la Argentina al resultado de las pr\u00f3ximas elecciones nacionales del 26 de octubre.<\/p>\n\n\n\n<p>En declaraciones a la prensa, Jaldo destac\u00f3 la relevancia del encuentro, pero pidi\u00f3 cautela ante la falta de informaci\u00f3n oficial.&nbsp;<strong>\u201cTodav\u00eda tenemos muchas versiones de esa reuni\u00f3n. Cada uno de los funcionarios nacionales va haciendo declaraciones y por ah\u00ed no todas coinciden.<\/strong>&nbsp;El Presidente de los Estados Unidos hizo referencia, no s\u00e9 si como condicionamiento o no, pero hizo referencia a un proceso electoral\u201d, expres\u00f3.<\/p>\n\n\n\n<p>Jaldo se\u00f1al\u00f3, adem\u00e1s, que todo apoyo internacional debe ser transparente y estar claramente informado a la ciudadan\u00eda. \u201cYo quiero lo mejor para mi patria argentina. Si al gobierno nacional le va bien, nos ir\u00e1 bien a todos los argentinos, donde estamos incluidos los tucumanos.&nbsp;<strong>Pero el gobierno nacional tiene que ser muy claro en qu\u00e9 concepto vienen los pr\u00e9stamos a la Rep\u00fablica Argentina\u201d<\/strong>, afirm\u00f3.<\/p>\n\n\n\n<p>En ese sentido, sostuvo que la poblaci\u00f3n debe conocer las condiciones de los eventuales acuerdos financieros.&nbsp;<strong>\u201cLos tucumanos y los argentinos queremos saber c\u00f3mo y de qu\u00e9 manera se instrumenta cada cr\u00e9dito, si es que son cr\u00e9ditos, y de qu\u00e9 manera los vamos a pagar<\/strong>, porque esto significa endeudamiento para el pa\u00eds. Y cuando se endeuda la Argentina, se endeuda cada uno de los argentinos\u201d, se\u00f1al\u00f3.<\/p>\n\n\n\n<p>El mandatario consider\u00f3 que la eventual asistencia econ\u00f3mica de Estados Unidos podr\u00eda ser beneficiosa si se administra con responsabilidad y claridad. \u201cTodo lo que se pueda hacer para mejorar la calidad de vida de los argentinos, todo lo que podamos hacer para mejorar la macroeconom\u00eda y que empiece a derramar soluciones concretas a lo que vivimos en esta querida patria argentina, no hay duda que desde el lugar que estemos vamos a apoyar\u201d, manifest\u00f3.<\/p>\n\n\n\n<p><strong>Visita de Milei<\/strong><\/p>\n\n\n\n<p>Por otro lado, el mandatario en uso de licencia se refiri\u00f3 a la visita que el presidente Milei realizar\u00e1 este s\u00e1bado a Tucum\u00e1n, en el marco de su campa\u00f1a nacional, y remarc\u00f3 los operativos de seguridad que hubo en visitas anteriores a la provincia de la secretaria de la Presidencia,&nbsp;<strong>Karina Milei<\/strong>, y del ministro del Interior de la Naci\u00f3n,&nbsp;<strong>Lisandro Catal\u00e1n<\/strong>: \u201cComo han venido, se fueron. Le hemos dado toda la seguridad que nos han solicitado porque la seguridad de las autoridades nacionales est\u00e1 a cargo de la Casa Militar y de la Polic\u00eda Federal\u201d, record\u00f3 Jaldo.<\/p>\n\n\n\n<p>Finalmente, asegur\u00f3 que el Gobierno de Tucum\u00e1n est\u00e1 dispuesto a colaborar con las fuerzas nacionales en el operativo de seguridad. \u201cEstamos predispuestos a que si nos piden colaboraci\u00f3n para la seguridad del Presidente, no hay duda que no solo lo vamos a hacer, sino que adem\u00e1s tenemos la obligaci\u00f3n y la responsabilidad de cuidar a nuestro Presidente, sea quien sea el Presidente\u201d, cerr\u00f3.<\/p>\n","protected":false},"excerpt":{"rendered":"<p>Jaldo sostuvo la importancia de que la poblaci\u00f3n conozca las condiciones de los eventuales acuerdos&#8230;<\/p>\n","protected":false},"author":2,"featured_media":0,"comment_status":"open","ping_status":"open","sticky":false,"template":"","format":"standard","meta":{"footnotes":""},"categories":[2],"tags":[],"class_list":["post-48216","post","type-post","status-publish","format-standard","hentry","category-locales"],"_links":{"self":[{"href":"https:\/\/masquenoticiastucuman.com.ar\/index.php?rest_route=\/wp\/v2\/posts\/48216","targetHints":{"allow":["GET"]}}],"collection":[{"href":"https:\/\/masquenoticiastucuman.com.ar\/index.php?rest_route=\/wp\/v2\/posts"}],"about":[{"href":"https:\/\/masquenoticiastucuman.com.ar\/index.php?rest_route=\/wp\/v2\/types\/post"}],"author":[{"embeddable":true,"href":"https:\/\/masquenoticiastucuman.com.ar\/index.php?rest_route=\/wp\/v2\/users\/2"}],"replies":[{"embeddable":true,"href":"https:\/\/masquenoticiastucuman.com.ar\/index.php?rest_route=%2Fwp%2Fv2%2Fcomments&post=48216"}],"version-history":[{"count":1,"href":"https:\/\/masquenoticiastucuman.com.ar\/index.php?rest_route=\/wp\/v2\/posts\/48216\/revisions"}],"predecessor-version":[{"id":48218,"href":"https:\/\/masquenoticiastucuman.com.ar\/index.php?rest_route=\/wp\/v2\/posts\/48216\/revisions\/48218"}],"wp:attachment":[{"href":"https:\/\/masquenoticiastucuman.com.ar\/index.php?rest_route=%2Fwp%2Fv2%2Fmedia&parent=48216"}],"wp:term":[{"taxonomy":"category","embeddable":true,"href":"https:\/\/masquenoticiastucuman.com.ar\/index.php?rest_route=%2Fwp%2Fv2%2Fcategories&post=48216"},{"taxonomy":"post_tag","embeddable":true,"href":"https:\/\/masquenoticiastucuman.com.ar\/index.php?rest_route=%2Fwp%2Fv2%2Ftags&post=48216"}],"curies":[{"name":"wp","href":"https:\/\/api.w.org\/{rel}","templated":true}]}}