{"id":48231,"date":"2025-10-16T06:59:55","date_gmt":"2025-10-16T09:59:55","guid":{"rendered":"https:\/\/masquenoticiastucuman.com.ar\/?p=48231"},"modified":"2025-10-16T06:59:56","modified_gmt":"2025-10-16T09:59:56","slug":"historico-lules-recupera-su-iconica-quebrada-y-se-integra-al-circuito-yungas","status":"publish","type":"post","link":"https:\/\/masquenoticiastucuman.com.ar\/?p=48231","title":{"rendered":"Hist\u00f3rico: Lules recupera su ic\u00f3nica Quebrada y se integra al circuito Yungas"},"content":{"rendered":"\n<p>Despu\u00e9s de 40 a\u00f1os, el municipio restituy\u00f3 a la comunidad 120 hect\u00e1reas de un para\u00edso natural, con el objetivo de convertirlo en un nuevo atractivo tur\u00edstico.<\/p>\n\n\n\n<p id=\"isPasted\">Lules vivi\u00f3 este mi\u00e9rcoles un momento hist\u00f3rico. Luego de m\u00e1s de 40 a\u00f1os, el municipio logr\u00f3 recuperar m\u00e1s de 120 hect\u00e1reas de la Quebrada de Lules, un para\u00edso natural que hab\u00eda permanecido privatizado durante d\u00e9cadas y que ahora vuelve a ser patrimonio p\u00fablico. El acto de firma de las escrituras estuvo encabezado por la intendenta&nbsp;<strong>Marta Albarrac\u00edn<\/strong>, acompa\u00f1ada por el presidente del Ente Tucum\u00e1n Turismo,&nbsp;<strong>Domingo Amaya,&nbsp;<\/strong>y el legislador<strong>&nbsp;Carlos Gallia<\/strong>, en una jornada cargada de emoci\u00f3n y sentido de pertenencia.<\/p>\n\n\n\n<p>La recuperaci\u00f3n de este espacio no solo representa un hecho de reparaci\u00f3n hist\u00f3rica para los vecinos de Lules, sino tambi\u00e9n una nueva oportunidad para el turismo provincial, al integrarse formalmente al Circuito Yungas, uno de los productos m\u00e1s atractivos que impulsa el Ente Tucum\u00e1n Turismo. La intendenta adelant\u00f3 que, tras la reapertura del predio, el municipio trabajar\u00e1 junto al equipo t\u00e9cnico del Ente en un plan de puesta en valor tur\u00edstica, con obras de infraestructura, conectividad y seguridad que permitan disfrutar el lugar de manera sustentable.<\/p>\n\n\n\n<p>\u201cDesde que asum\u00ed dije que iba a recuperar esta quebrada, y hoy, con la escritura en mano, puedo decir que lo logramos. Esto fue posible gracias al acompa\u00f1amiento del gobernador&nbsp;<strong>Osvaldo Jaldo,<\/strong>&nbsp;del ministro del Interior&nbsp;<strong>Dar\u00edo Monteros<\/strong>&nbsp;y del trabajo conjunto con Domingo Amaya y el Ente de Turismo. Es una emoci\u00f3n enorme devolverle este espacio a todos los lule\u00f1os\u201d, expres\u00f3 Marta Albarrac\u00edn visiblemente conmovida.<\/p>\n\n\n\n<p>Por su parte, Domingo Amaya celebr\u00f3 el logro como un paso fundamental en la construcci\u00f3n de un turismo responsable y sostenible. \u201cEste es un lugar \u00fanico que ahora ser\u00e1 parte del Circuito Yungas, donde se promover\u00e1 un turismo de conservaci\u00f3n, educaci\u00f3n ambiental y disfrute de la naturaleza. Es un orgullo para todos los tucumanos recuperar este tesoro natural y hacerlo con una mirada sustentable que prioriza el cuidado de lo nuestro\u201d.<\/p>\n\n\n\n<p>A su turno, el legislador Carlos Gallia destac\u00f3 el profundo valor simb\u00f3lico del acontecimiento: \u201cEsta quebrada forma parte de la historia viva de los lule\u00f1os. La recorr\u00edamos de ni\u00f1os, era el punto de encuentro de nuestras familias. Hoy vuelve a ser del pueblo y eso emociona profundamente. Adem\u00e1s, se abre una enorme oportunidad tur\u00edstica para toda la provincia\u201d.<\/p>\n\n\n\n<p>Con esta recuperaci\u00f3n, Lules no solo restituye un paisaje emblem\u00e1tico, sino que reafirma su compromiso con el desarrollo local, la sostenibilidad y la integraci\u00f3n territorial, en sinton\u00eda con la visi\u00f3n provincial de poner a Tucum\u00e1n primero, impulsando acciones que promuevan el bienestar de su gente y el crecimiento del turismo como motor de futuro.<\/p>\n\n\n\n<figure class=\"wp-block-image size-full\"><img decoding=\"async\" src=\"https:\/\/masquenoticiastucuman.com.ar\/wp-content\/uploads\/2025\/10\/251015145354_91038.jpg\" alt=\"\" class=\"wp-image-48232\" \/><\/figure>\n","protected":false},"excerpt":{"rendered":"<p>Despu\u00e9s de 40 a\u00f1os, el municipio restituy\u00f3 a la comunidad 120 hect\u00e1reas de un para\u00edso&#8230;<\/p>\n","protected":false},"author":2,"featured_media":0,"comment_status":"open","ping_status":"open","sticky":false,"template":"","format":"standard","meta":{"footnotes":""},"categories":[2],"tags":[],"class_list":["post-48231","post","type-post","status-publish","format-standard","hentry","category-locales"],"_links":{"self":[{"href":"https:\/\/masquenoticiastucuman.com.ar\/index.php?rest_route=\/wp\/v2\/posts\/48231","targetHints":{"allow":["GET"]}}],"collection":[{"href":"https:\/\/masquenoticiastucuman.com.ar\/index.php?rest_route=\/wp\/v2\/posts"}],"about":[{"href":"https:\/\/masquenoticiastucuman.com.ar\/index.php?rest_route=\/wp\/v2\/types\/post"}],"author":[{"embeddable":true,"href":"https:\/\/masquenoticiastucuman.com.ar\/index.php?rest_route=\/wp\/v2\/users\/2"}],"replies":[{"embeddable":true,"href":"https:\/\/masquenoticiastucuman.com.ar\/index.php?rest_route=%2Fwp%2Fv2%2Fcomments&post=48231"}],"version-history":[{"count":1,"href":"https:\/\/masquenoticiastucuman.com.ar\/index.php?rest_route=\/wp\/v2\/posts\/48231\/revisions"}],"predecessor-version":[{"id":48234,"href":"https:\/\/masquenoticiastucuman.com.ar\/index.php?rest_route=\/wp\/v2\/posts\/48231\/revisions\/48234"}],"wp:attachment":[{"href":"https:\/\/masquenoticiastucuman.com.ar\/index.php?rest_route=%2Fwp%2Fv2%2Fmedia&parent=48231"}],"wp:term":[{"taxonomy":"category","embeddable":true,"href":"https:\/\/masquenoticiastucuman.com.ar\/index.php?rest_route=%2Fwp%2Fv2%2Fcategories&post=48231"},{"taxonomy":"post_tag","embeddable":true,"href":"https:\/\/masquenoticiastucuman.com.ar\/index.php?rest_route=%2Fwp%2Fv2%2Ftags&post=48231"}],"curies":[{"name":"wp","href":"https:\/\/api.w.org\/{rel}","templated":true}]}}