{"id":48235,"date":"2025-10-16T07:22:02","date_gmt":"2025-10-16T10:22:02","guid":{"rendered":"https:\/\/masquenoticiastucuman.com.ar\/?p=48235"},"modified":"2025-10-16T07:22:03","modified_gmt":"2025-10-16T10:22:03","slug":"el-registro-civil-abrira-sabados-y-domingo-para-entregar-dni-antes-de-las-elecciones","status":"publish","type":"post","link":"https:\/\/masquenoticiastucuman.com.ar\/?p=48235","title":{"rendered":"El Registro Civil abrir\u00e1 s\u00e1bados y domingo para entregar DNI antes de las elecciones"},"content":{"rendered":"\n<p>Los operativos especiales se realizar\u00e1n el s\u00e1bado 18, s\u00e1bado 25 y domingo 26 de octubre en toda la provincia. La medida busca facilitar el retiro de documentos en el marco de los comicios.<\/p>\n\n\n\n<p id=\"isPasted\">En el marco de las elecciones, el Registro Civil y Capacidad de las Personas de la provincia dispuso un operativo especial de entrega de Documentos Nacionales de Identidad (DNI), que incluye jornadas de atenci\u00f3n durante fines de semana. La titular del organismo,<strong>&nbsp;Carolina Bidegorry,<\/strong>&nbsp;i<strong><\/strong>nform\u00f3 que el objetivo es facilitar el retiro de documentos a quienes no pueden hacerlo en d\u00edas h\u00e1biles por razones laborales o familiares.<\/p>\n\n\n\n<p>&#8220;Como cada vez que hay elecciones, se han dispuesto horarios especiales de atenci\u00f3n&#8221;, explic\u00f3 Bidegorry. En este sentido, el s\u00e1bado 18 de octubre la atenci\u00f3n ser\u00e1 de 9 a 12 horas, mientras que el s\u00e1bado 25 y domingo 26 el horario se extender\u00e1 de 8 a 17 horas. Los operativos abarcar\u00e1n tanto el Registro Civil central como todos los Centros de Documentaci\u00f3n R\u00e1pida de la provincia.<\/p>\n\n\n\n<p>La funcionaria remarc\u00f3 que la atenci\u00f3n ser\u00e1 exclusivamente para la entrega de DNI y se realizar\u00e1 por orden de llegada, por lo cual se espera que el tr\u00e1mite sea \u00e1gil. &#8220;No van a tener ning\u00fan tipo de espera ni de demora, porque estamos solamente abocados a la entrega de los DNI&#8221;, asegur\u00f3.<\/p>\n\n\n\n<p>Tambi\u00e9n record\u00f3 que la entrega del documento es un tr\u00e1mite estrictamente personal y no admite excepciones, ya que se trata de un procedimiento regulado por normativa legal. \u201cEl DNI siempre llega, as\u00ed que, si hicieron su tr\u00e1mite, pasaron 30 d\u00edas y no les lleg\u00f3 a su casa, se acercan a la delegaci\u00f3n donde hicieron el tr\u00e1mite\u201d, agreg\u00f3.<\/p>\n","protected":false},"excerpt":{"rendered":"<p>Los operativos especiales se realizar\u00e1n el s\u00e1bado 18, s\u00e1bado 25 y domingo 26 de octubre&#8230;<\/p>\n","protected":false},"author":2,"featured_media":0,"comment_status":"open","ping_status":"open","sticky":false,"template":"","format":"standard","meta":{"footnotes":""},"categories":[2],"tags":[],"class_list":["post-48235","post","type-post","status-publish","format-standard","hentry","category-locales"],"_links":{"self":[{"href":"https:\/\/masquenoticiastucuman.com.ar\/index.php?rest_route=\/wp\/v2\/posts\/48235","targetHints":{"allow":["GET"]}}],"collection":[{"href":"https:\/\/masquenoticiastucuman.com.ar\/index.php?rest_route=\/wp\/v2\/posts"}],"about":[{"href":"https:\/\/masquenoticiastucuman.com.ar\/index.php?rest_route=\/wp\/v2\/types\/post"}],"author":[{"embeddable":true,"href":"https:\/\/masquenoticiastucuman.com.ar\/index.php?rest_route=\/wp\/v2\/users\/2"}],"replies":[{"embeddable":true,"href":"https:\/\/masquenoticiastucuman.com.ar\/index.php?rest_route=%2Fwp%2Fv2%2Fcomments&post=48235"}],"version-history":[{"count":1,"href":"https:\/\/masquenoticiastucuman.com.ar\/index.php?rest_route=\/wp\/v2\/posts\/48235\/revisions"}],"predecessor-version":[{"id":48237,"href":"https:\/\/masquenoticiastucuman.com.ar\/index.php?rest_route=\/wp\/v2\/posts\/48235\/revisions\/48237"}],"wp:attachment":[{"href":"https:\/\/masquenoticiastucuman.com.ar\/index.php?rest_route=%2Fwp%2Fv2%2Fmedia&parent=48235"}],"wp:term":[{"taxonomy":"category","embeddable":true,"href":"https:\/\/masquenoticiastucuman.com.ar\/index.php?rest_route=%2Fwp%2Fv2%2Fcategories&post=48235"},{"taxonomy":"post_tag","embeddable":true,"href":"https:\/\/masquenoticiastucuman.com.ar\/index.php?rest_route=%2Fwp%2Fv2%2Ftags&post=48235"}],"curies":[{"name":"wp","href":"https:\/\/api.w.org\/{rel}","templated":true}]}}