{"id":48238,"date":"2025-10-16T07:28:24","date_gmt":"2025-10-16T10:28:24","guid":{"rendered":"https:\/\/masquenoticiastucuman.com.ar\/?p=48238"},"modified":"2025-10-16T07:28:24","modified_gmt":"2025-10-16T10:28:24","slug":"aprehenden-al-acusado-del-crimen-en-la-trinidad","status":"publish","type":"post","link":"https:\/\/masquenoticiastucuman.com.ar\/?p=48238","title":{"rendered":"Aprehenden al acusado del crimen en La Trinidad"},"content":{"rendered":"\n<p>El acusado de 31 a\u00f1os hab\u00eda cumplido una condena por un homicidio ocurrido el 8 de mayo de 2013, y hace m\u00e1s de un a\u00f1o hab\u00eda salido en libertad.<\/p>\n\n\n\n<p id=\"isPasted\">Luego de intensas averiguaciones, los efectivos de la Comisar\u00eda La Trinidad aprehendieron en la noche del martes al acusado del crimen de<strong>&nbsp;Gustavo Marcos Toledo,<\/strong>&nbsp;quien fue apu\u00f1alado en una pelea ocurrida horas antes en la plaza principal de esta localidad.<\/p>\n\n\n\n<p>Tras el hecho, ocurrido en la plaza ubicada en avenidas La Fuente y San Mart\u00edn, la v\u00edctima, de 27 a\u00f1os, fue trasladada al Hospital San Jos\u00e9 de la localidad de Medinas con heridas de arma blanca. All\u00ed, horas despu\u00e9s perdi\u00f3 la vida.&nbsp;<\/p>\n\n\n\n<p>El acusado de 31 a\u00f1os, identificado como<strong>&nbsp;Iv\u00e1n Gambaro,<\/strong>&nbsp;hab\u00eda cumplido una condena por un homicidio ocurrido el 8 de mayo de 2013, y hace m\u00e1s de un a\u00f1o hab\u00eda salido en libertad.<\/p>\n\n\n\n<p>El fiscal&nbsp;<strong>Miguel Varela,&nbsp;<\/strong>titular de la Unidad Fiscal de Investigaci\u00f3n Especializada en Homicidios y Atentados contra las Personas del Centro Judicial Concepci\u00f3n, aval\u00f3 el arresto del acusado y el secuestro de sus prendas de vestir y las de la v\u00edctima. Adem\u00e1s, dispusieron que contin\u00fae la investigaci\u00f3n en busca del arma homicida.<\/p>\n\n\n\n<p>El procedimiento policial fue supervisado por el jefe de Zona I de la Unidad Regional Sur, Comisario Inspector&nbsp;<strong>Sergio Gonz\u00e1lez<\/strong>, y el titular de la URS, Comisario General&nbsp;<strong>Marcos Barros.<\/strong><\/p>\n","protected":false},"excerpt":{"rendered":"<p>El acusado de 31 a\u00f1os hab\u00eda cumplido una condena por un homicidio ocurrido el 8&#8230;<\/p>\n","protected":false},"author":2,"featured_media":0,"comment_status":"open","ping_status":"open","sticky":false,"template":"","format":"standard","meta":{"footnotes":""},"categories":[2],"tags":[],"class_list":["post-48238","post","type-post","status-publish","format-standard","hentry","category-locales"],"_links":{"self":[{"href":"https:\/\/masquenoticiastucuman.com.ar\/index.php?rest_route=\/wp\/v2\/posts\/48238","targetHints":{"allow":["GET"]}}],"collection":[{"href":"https:\/\/masquenoticiastucuman.com.ar\/index.php?rest_route=\/wp\/v2\/posts"}],"about":[{"href":"https:\/\/masquenoticiastucuman.com.ar\/index.php?rest_route=\/wp\/v2\/types\/post"}],"author":[{"embeddable":true,"href":"https:\/\/masquenoticiastucuman.com.ar\/index.php?rest_route=\/wp\/v2\/users\/2"}],"replies":[{"embeddable":true,"href":"https:\/\/masquenoticiastucuman.com.ar\/index.php?rest_route=%2Fwp%2Fv2%2Fcomments&post=48238"}],"version-history":[{"count":1,"href":"https:\/\/masquenoticiastucuman.com.ar\/index.php?rest_route=\/wp\/v2\/posts\/48238\/revisions"}],"predecessor-version":[{"id":48240,"href":"https:\/\/masquenoticiastucuman.com.ar\/index.php?rest_route=\/wp\/v2\/posts\/48238\/revisions\/48240"}],"wp:attachment":[{"href":"https:\/\/masquenoticiastucuman.com.ar\/index.php?rest_route=%2Fwp%2Fv2%2Fmedia&parent=48238"}],"wp:term":[{"taxonomy":"category","embeddable":true,"href":"https:\/\/masquenoticiastucuman.com.ar\/index.php?rest_route=%2Fwp%2Fv2%2Fcategories&post=48238"},{"taxonomy":"post_tag","embeddable":true,"href":"https:\/\/masquenoticiastucuman.com.ar\/index.php?rest_route=%2Fwp%2Fv2%2Ftags&post=48238"}],"curies":[{"name":"wp","href":"https:\/\/api.w.org\/{rel}","templated":true}]}}