{"id":48244,"date":"2025-10-16T09:31:02","date_gmt":"2025-10-16T12:31:02","guid":{"rendered":"http:\/\/masquenoticiastucuman.com.ar\/?p=48244"},"modified":"2025-10-16T09:31:02","modified_gmt":"2025-10-16T12:31:02","slug":"murio-tomonobu-itagaki-a-los-58-anos-el-adios-al-creador-de-ninja-gaiden-y-dead-or-alive","status":"publish","type":"post","link":"https:\/\/masquenoticiastucuman.com.ar\/?p=48244","title":{"rendered":"Muri\u00f3 Tomonobu Itagaki a los 58 a\u00f1os: el adi\u00f3s al creador de Ninja Gaiden y Dead or Alive"},"content":{"rendered":"<ul>\n<li>El legendario desarrollador japon\u00e9s y fundador de Team Ninja falleci\u00f3 a los 58 a\u00f1os.<\/li>\n<li>Itagaki se despidi\u00f3 con un mensaje p\u00f3stumo en Facebook.<\/li>\n<li>La comunidad gamer y sus colegas lo despiden como un autor inigualable.<\/li>\n<\/ul>\n<p>\u200bEl legendario desarrollador japon\u00e9s y fundador de Team Ninja falleci\u00f3 a los 58 a\u00f1os.Itagaki se despidi\u00f3 con un mensaje p\u00f3stumo en Facebook.La comunidad gamer y sus colegas lo despiden como un autor inigualable.\u00a0<a href=\"https:\/\/www.clarin.com\/estados-unidos\/murio-tomonobu-itagaki-58-anos-adios-creador-ninja-gaiden-dead-or-alive_0_aLHhyUkzJj.html\" target=\"_blank\" class=\"feedzy-rss-link-icon\">Read More<\/a><\/p>","protected":false},"excerpt":{"rendered":"<p>El legendario desarrollador japon\u00e9s y fundador de Team Ninja falleci\u00f3 a los 58 a\u00f1os. Itagaki&#8230;<\/p>\n","protected":false},"author":1,"featured_media":0,"comment_status":"open","ping_status":"open","sticky":false,"template":"","format":"standard","meta":{"footnotes":""},"categories":[8],"tags":[],"class_list":["post-48244","post","type-post","status-publish","format-standard","hentry","category-tecnologia"],"_links":{"self":[{"href":"https:\/\/masquenoticiastucuman.com.ar\/index.php?rest_route=\/wp\/v2\/posts\/48244","targetHints":{"allow":["GET"]}}],"collection":[{"href":"https:\/\/masquenoticiastucuman.com.ar\/index.php?rest_route=\/wp\/v2\/posts"}],"about":[{"href":"https:\/\/masquenoticiastucuman.com.ar\/index.php?rest_route=\/wp\/v2\/types\/post"}],"author":[{"embeddable":true,"href":"https:\/\/masquenoticiastucuman.com.ar\/index.php?rest_route=\/wp\/v2\/users\/1"}],"replies":[{"embeddable":true,"href":"https:\/\/masquenoticiastucuman.com.ar\/index.php?rest_route=%2Fwp%2Fv2%2Fcomments&post=48244"}],"version-history":[{"count":0,"href":"https:\/\/masquenoticiastucuman.com.ar\/index.php?rest_route=\/wp\/v2\/posts\/48244\/revisions"}],"wp:attachment":[{"href":"https:\/\/masquenoticiastucuman.com.ar\/index.php?rest_route=%2Fwp%2Fv2%2Fmedia&parent=48244"}],"wp:term":[{"taxonomy":"category","embeddable":true,"href":"https:\/\/masquenoticiastucuman.com.ar\/index.php?rest_route=%2Fwp%2Fv2%2Fcategories&post=48244"},{"taxonomy":"post_tag","embeddable":true,"href":"https:\/\/masquenoticiastucuman.com.ar\/index.php?rest_route=%2Fwp%2Fv2%2Ftags&post=48244"}],"curies":[{"name":"wp","href":"https:\/\/api.w.org\/{rel}","templated":true}]}}