{"id":48257,"date":"2025-10-16T09:58:39","date_gmt":"2025-10-16T12:58:39","guid":{"rendered":"https:\/\/masquenoticiastucuman.com.ar\/?p=48257"},"modified":"2025-10-16T09:58:40","modified_gmt":"2025-10-16T12:58:40","slug":"extienden-la-concesion-de-la-terminal-de-omnibus-hasta-abril-de-2026","status":"publish","type":"post","link":"https:\/\/masquenoticiastucuman.com.ar\/?p=48257","title":{"rendered":"Extienden la concesi\u00f3n de la Terminal de \u00d3mnibus hasta abril de 2026"},"content":{"rendered":"\n<p>El vicegobernador Miguel Acevedo, a cargo del Poder Ejecutivo, encabez\u00f3 la firma del acuerdo que garantiza la continuidad del servicio y la estabilidad laboral de m\u00e1s de 100 trabajadores, mientras avanza el proceso de licitaci\u00f3n.<\/p>\n\n\n\n<p>El vicegobernador de Tucum\u00e1n,&nbsp;<strong>Miguel Acevedo,<\/strong>&nbsp;a cargo del Poder Ejecutivo, encabez\u00f3 la firma de la extensi\u00f3n del plazo de concesi\u00f3n de la Terminal de \u00d3mnibus de San Miguel de Tucum\u00e1n, asegurando su continuidad hasta el 27 de abril de 2026.<\/p>\n\n\n\n<p>Acevedo estuvo acompa\u00f1ado por el ministro de Gobierno y Justicia,&nbsp;<strong>Regino Amado;&nbsp;<\/strong>el<strong>&nbsp;<\/strong>ministro de Obras, Infraestructura y Transporte P\u00fablico,&nbsp;<strong>Marcelo Nazur;&nbsp;<\/strong>el secretario general de la Gobernaci\u00f3n,&nbsp;<strong>Federico Nazur<\/strong>, la Fiscal de Estado,&nbsp;<strong>Gilda Pedicone de Valls<\/strong>&nbsp;y&nbsp;el apoderado de la Terminal,<strong>&nbsp;Ariel Spector.&nbsp;<\/strong>Adem\u00e1s, estuvieron las escribanas&nbsp;<strong>Olga In\u00e9s Navarro<\/strong>, a cargo de Registro de Gobierno, y&nbsp;<strong>Mar\u00eda Josefina Jaeggy Nores,<\/strong>&nbsp;escribana adscripta.<\/p>\n\n\n\n<figure class=\"wp-block-image size-large\"><img decoding=\"async\" src=\"https:\/\/masquenoticiastucuman.com.ar\/wp-content\/uploads\/2025\/10\/251016095149_17406-1024x625.jpeg\" alt=\"\" class=\"wp-image-48258\" \/><\/figure>\n\n\n\n<p>El ministro, Marcelo Nazur, dijo que \u201choy es un d\u00eda importante para toda la gente que est\u00e1 involucrada en la terminal. Se firm\u00f3 este instrumento legal que ven\u00edamos hablando para diferir el plazo de entrega por seis meses. Queremos llevar tranquilidad a los m\u00e1s de 100 trabajadores que seguir\u00e1n en sus puestos\u00bb.<\/p>\n\n\n\n<p>Adem\u00e1s, el ministro inform\u00f3 que el pliego para la nueva licitaci\u00f3n ya est\u00e1 circulando entre los distintos ministerios. Actualmente, se encuentra en el Ministerio de Econom\u00eda y luego pasar\u00e1 a la Fiscal\u00eda de Estado para su aprobaci\u00f3n final.<\/p>\n\n\n\n<blockquote class=\"wp-block-quote is-layout-flow wp-block-quote-is-layout-flow\">\n<p>\u201cEl objetivo es modernizar la terminal, refuncionalizarla y establecer un nuevo plazo de concesi\u00f3n e inversi\u00f3n\u201d, explic\u00f3, aunque aclar\u00f3 que los detalles t\u00e9cnicos se definir\u00e1n una vez finalizado el circuito administrativo.<\/p>\n<\/blockquote>\n\n\n\n<p>La pr\u00f3rroga busca asegurar una transici\u00f3n ordenada y sin interrupciones en un servicio clave para el transporte p\u00fablico de Tucum\u00e1n.<\/p>\n\n\n\n<p id=\"isPasted\">El apoderado de Terminal del Tucum\u00e1n S.A., Ariel Spector, afirm\u00f3 \u00abvamos a seguir oper\u00e1ndola como venimos haci\u00e9ndolo hace 30 a\u00f1os. Estamos conformes, se trabaj\u00f3 muy bien con la provincia. Es un servicio complejo, con 100 personas trabajando, y creemos que esta fue la mejor soluci\u00f3n mientras se define el futuro de la concesi\u00f3n\u00bb.<\/p>\n\n\n\n<p>Spector confirm\u00f3 el inter\u00e9s de la empresa en presentarse a la nueva licitaci\u00f3n prevista para 2026, y reconoci\u00f3 que, si bien el edificio tiene m\u00e1s de 30 a\u00f1os, se encuentra en funcionamiento y con mantenimiento constante.<\/p>\n","protected":false},"excerpt":{"rendered":"<p>El vicegobernador Miguel Acevedo, a cargo del Poder Ejecutivo, encabez\u00f3 la firma del acuerdo que&#8230;<\/p>\n","protected":false},"author":2,"featured_media":0,"comment_status":"open","ping_status":"open","sticky":false,"template":"","format":"standard","meta":{"footnotes":""},"categories":[2],"tags":[],"class_list":["post-48257","post","type-post","status-publish","format-standard","hentry","category-locales"],"_links":{"self":[{"href":"https:\/\/masquenoticiastucuman.com.ar\/index.php?rest_route=\/wp\/v2\/posts\/48257","targetHints":{"allow":["GET"]}}],"collection":[{"href":"https:\/\/masquenoticiastucuman.com.ar\/index.php?rest_route=\/wp\/v2\/posts"}],"about":[{"href":"https:\/\/masquenoticiastucuman.com.ar\/index.php?rest_route=\/wp\/v2\/types\/post"}],"author":[{"embeddable":true,"href":"https:\/\/masquenoticiastucuman.com.ar\/index.php?rest_route=\/wp\/v2\/users\/2"}],"replies":[{"embeddable":true,"href":"https:\/\/masquenoticiastucuman.com.ar\/index.php?rest_route=%2Fwp%2Fv2%2Fcomments&post=48257"}],"version-history":[{"count":1,"href":"https:\/\/masquenoticiastucuman.com.ar\/index.php?rest_route=\/wp\/v2\/posts\/48257\/revisions"}],"predecessor-version":[{"id":48260,"href":"https:\/\/masquenoticiastucuman.com.ar\/index.php?rest_route=\/wp\/v2\/posts\/48257\/revisions\/48260"}],"wp:attachment":[{"href":"https:\/\/masquenoticiastucuman.com.ar\/index.php?rest_route=%2Fwp%2Fv2%2Fmedia&parent=48257"}],"wp:term":[{"taxonomy":"category","embeddable":true,"href":"https:\/\/masquenoticiastucuman.com.ar\/index.php?rest_route=%2Fwp%2Fv2%2Fcategories&post=48257"},{"taxonomy":"post_tag","embeddable":true,"href":"https:\/\/masquenoticiastucuman.com.ar\/index.php?rest_route=%2Fwp%2Fv2%2Ftags&post=48257"}],"curies":[{"name":"wp","href":"https:\/\/api.w.org\/{rel}","templated":true}]}}