{"id":48261,"date":"2025-10-16T12:00:04","date_gmt":"2025-10-16T15:00:04","guid":{"rendered":"https:\/\/masquenoticiastucuman.com.ar\/?p=48261"},"modified":"2025-10-16T12:00:05","modified_gmt":"2025-10-16T15:00:05","slug":"declaran-de-interes-turistico-la-copa-de-oro-de-futbol-sala-para-personas-ciegas","status":"publish","type":"post","link":"https:\/\/masquenoticiastucuman.com.ar\/?p=48261","title":{"rendered":"Declaran de Inter\u00e9s Tur\u00edstico la Copa de Oro de F\u00fatbol Sala para Personas Ciegas"},"content":{"rendered":"\n<p>El Gobierno de Tucum\u00e1n invit\u00f3 a la ciudadan\u00eda a acompa\u00f1ar a los equipos participantes durante el fin de semana y a disfrutar de esta competencia que fomenta la integraci\u00f3n y el desarrollo del deporte inclusivo en la provincia.<\/p>\n\n\n\n<p id=\"isPasted\">El vicegobernador a cargo del Poder Ejecutivo,&nbsp;<strong>Miguel Acevedo<\/strong>, encabez\u00f3 el acto en el que el Gobierno de Tucum\u00e1n declar\u00f3 de Inter\u00e9s Tur\u00edstico la Copa de Oro NOA NEA del Torneo Nacional de F\u00fatbol Sala para Personas Ciegas, organizada por la Universidad Nacional de Tucum\u00e1n (UNT) y la Federaci\u00f3n Argentina de Deportes para Personas Ciegas (FADeC).<\/p>\n\n\n\n<p>Durante la ceremonia, desarrollada en Casa de Gobierno, Acevedo recibi\u00f3 en su despacho al secretario de Gobierno y Relaciones Institucionales<strong>, Ra\u00fal Albarrac\u00edn<\/strong>; a la vicepresidenta del Ente Tucum\u00e1n Turismo,&nbsp;<strong>In\u00e9s Fr\u00edas Silva<\/strong>; a la subsecretaria de Gobierno,&nbsp;<strong>Katherine Mazzucco<\/strong>; al director de Discapacidad e Inclusi\u00f3n Social de la UNT (DISUNT),&nbsp;<strong>Dar\u00edo Mamani<\/strong>, y a los deportistas que representar\u00e1n a la provincia en el certamen.<\/p>\n\n\n\n<figure class=\"wp-block-image size-large\"><img decoding=\"async\" src=\"https:\/\/masquenoticiastucuman.com.ar\/wp-content\/uploads\/2025\/10\/251016114656_55751-1024x683.jpg\" alt=\"\" class=\"wp-image-48262\" \/><\/figure>\n\n\n\n<p>El encuentro deportivo se realizar\u00e1 los d\u00edas 18 y 19 de octubre en las instalaciones de la Facultad de Educaci\u00f3n F\u00edsica de la UNT y contar\u00e1 con la participaci\u00f3n de m\u00e1s de 80 jugadores y cuerpos t\u00e9cnicos de equipos del NOA y NEA: DESOCHA (Chaco), B\u00fahos (Santa Fe), UCASE (Santiago del Estero), Red Mate (Tucum\u00e1n) y UNT-DISUNT (Tucum\u00e1n). Adem\u00e1s, asistir\u00e1n integrantes de la Selecci\u00f3n Nacional Argentina \u201cLos Murci\u00e9lagos\u201d.<\/p>\n\n\n\n<p>Acevedo destac\u00f3 la importancia del evento y expres\u00f3: \u201cUn gran inter\u00e9s tur\u00edstico para este f\u00fatbol sala que de paso aprovecho para invitar a toda la comunidad que vaya y participe de este evento. Vienen de otras provincias y est\u00e1n nuestros representantes que hace un tiempo lo vienen haciendo de manera excelente. Inclusive en nuestro plantel tuvimos dos o tres representantes en Los Murci\u00e9lagos, que es la Selecci\u00f3n Nacional de ciegos. Es un evento que va a congregar a la familia y a estos chicos que hacen con mucho esfuerzo el deporte que nos apasiona a todos los argentinos, que es el f\u00fatbol. Desde el Poder Ejecutivo se decidi\u00f3 declarar de Inter\u00e9s Tur\u00edstico esta competencia y recibirlos hoy para desearles el mayor de los \u00e9xitos y el apoyo del Gobierno provincial\u201d.<\/p>\n\n\n\n<figure class=\"wp-block-image size-large\"><img decoding=\"async\" src=\"https:\/\/masquenoticiastucuman.com.ar\/wp-content\/uploads\/2025\/10\/251016114704_67651-1024x683.jpg\" alt=\"\" class=\"wp-image-48263\" \/><\/figure>\n\n\n\n<p>Por su parte, In\u00e9s Fr\u00edas Silva sostuvo: \u201cSe ha declarado de Inter\u00e9s Tur\u00edstico esta Copa de Oro NOA NEA de F\u00fatbol Sala para personas ciegas. Siempre que hablamos de deporte y de salud, hablamos de la posibilidad de mezclar todo esto con el turismo. Para nosotros, como tucumanos, es un orgullo poder acompa\u00f1ar a este equipo de chicos que representar\u00e1n a la provincia en este torneo tan importante\u201d.<\/p>\n\n\n\n<p>El secretario Ra\u00fal Albarrac\u00edn valor\u00f3 la articulaci\u00f3n institucional entre el Gobierno provincial y la UNT: \u201cQue Tucum\u00e1n sea sede de un encuentro futbol\u00edstico de personas ciegas muestra la centralidad de la provincia para todo el norte argentino y el v\u00ednculo consolidado entre el Gobierno y la Universidad. Sabemos que para el gobernador en uso de licencia&nbsp;<strong>Osvaldo Jaldo<\/strong>&nbsp;es prioritaria la igualdad de oportunidades para todos los tucumanos, y este evento refleja esa pol\u00edtica de inclusi\u00f3n e integraci\u00f3n promovida por la Direcci\u00f3n de Discapacidad de la UNT\u201d.<\/p>\n\n\n\n<p>En tanto, Dar\u00edo Mamani se\u00f1al\u00f3: \u201cEs una responsabilidad significativa, pero fundamentalmente queremos agradecer al vicegobernador y al secretario Albarrac\u00edn por esta distinci\u00f3n. La pr\u00e1ctica del deporte adaptado constituye una herramienta para la inclusi\u00f3n social de las personas con discapacidad. Trabajamos para acompa\u00f1ar el proceso educativo de los j\u00f3venes universitarios y contribuir a la construcci\u00f3n de pol\u00edticas p\u00fablicas que promuevan la igualdad de oportunidades\u201d.<\/p>\n\n\n\n<p>Uno de los deportistas tucumanos, Luis Miguel D\u00edaz, destac\u00f3 el significado del reconocimiento: \u201ces sumamente significativo el apoyo. Siempre Ra\u00fal Albarrac\u00edn est\u00e1 al pendiente de nosotros, y ahora que nos haya recibido el vicegobernador a cargo es una grata sorpresa. Nosotros tambi\u00e9n marcamos el inicio de todo, porque somos parte del crecimiento de la provincia para aportar despu\u00e9s a Los Murci\u00e9lagos\u201d.<\/p>\n\n\n\n<p>La Copa de Oro NOA NEA se desarrollar\u00e1 en el marco de la Ley N.\u00ba 9.717, que declara octubre como el Mes de la Educaci\u00f3n Especial, impulsada por el entonces legislador Albarrac\u00edn.<\/p>\n\n\n\n<p>Esta actividad reviste un profundo inter\u00e9s social, educativo y tur\u00edstico, al promover la inclusi\u00f3n, la igualdad de oportunidades y la visibilizaci\u00f3n del deporte adaptado, en consonancia con la Convenci\u00f3n sobre los Derechos de las Personas con Discapacidad. Adem\u00e1s, genera un movimiento tur\u00edstico significativo por la llegada de delegaciones de distintas provincias, fortaleciendo la proyecci\u00f3n de Tucum\u00e1n como destino de eventos deportivos nacionales.<\/p>\n\n\n\n<p>Desde la Direcci\u00f3n de Promoci\u00f3n del Ente Tucum\u00e1n Turismo se inform\u00f3 que se espera la asistencia de un centenar de deportistas, sus familias y p\u00fablico en general, lo que consolidar\u00e1 a la provincia como sede de referencia para la pr\u00e1ctica del f\u00fatbol sala adaptado.<\/p>\n","protected":false},"excerpt":{"rendered":"<p>El Gobierno de Tucum\u00e1n invit\u00f3 a la ciudadan\u00eda a acompa\u00f1ar a los equipos participantes durante&#8230;<\/p>\n","protected":false},"author":2,"featured_media":0,"comment_status":"open","ping_status":"open","sticky":false,"template":"","format":"standard","meta":{"footnotes":""},"categories":[2],"tags":[],"class_list":["post-48261","post","type-post","status-publish","format-standard","hentry","category-locales"],"_links":{"self":[{"href":"https:\/\/masquenoticiastucuman.com.ar\/index.php?rest_route=\/wp\/v2\/posts\/48261","targetHints":{"allow":["GET"]}}],"collection":[{"href":"https:\/\/masquenoticiastucuman.com.ar\/index.php?rest_route=\/wp\/v2\/posts"}],"about":[{"href":"https:\/\/masquenoticiastucuman.com.ar\/index.php?rest_route=\/wp\/v2\/types\/post"}],"author":[{"embeddable":true,"href":"https:\/\/masquenoticiastucuman.com.ar\/index.php?rest_route=\/wp\/v2\/users\/2"}],"replies":[{"embeddable":true,"href":"https:\/\/masquenoticiastucuman.com.ar\/index.php?rest_route=%2Fwp%2Fv2%2Fcomments&post=48261"}],"version-history":[{"count":1,"href":"https:\/\/masquenoticiastucuman.com.ar\/index.php?rest_route=\/wp\/v2\/posts\/48261\/revisions"}],"predecessor-version":[{"id":48265,"href":"https:\/\/masquenoticiastucuman.com.ar\/index.php?rest_route=\/wp\/v2\/posts\/48261\/revisions\/48265"}],"wp:attachment":[{"href":"https:\/\/masquenoticiastucuman.com.ar\/index.php?rest_route=%2Fwp%2Fv2%2Fmedia&parent=48261"}],"wp:term":[{"taxonomy":"category","embeddable":true,"href":"https:\/\/masquenoticiastucuman.com.ar\/index.php?rest_route=%2Fwp%2Fv2%2Fcategories&post=48261"},{"taxonomy":"post_tag","embeddable":true,"href":"https:\/\/masquenoticiastucuman.com.ar\/index.php?rest_route=%2Fwp%2Fv2%2Ftags&post=48261"}],"curies":[{"name":"wp","href":"https:\/\/api.w.org\/{rel}","templated":true}]}}