{"id":48266,"date":"2025-10-16T18:01:02","date_gmt":"2025-10-16T21:01:02","guid":{"rendered":"http:\/\/masquenoticiastucuman.com.ar\/?p=48266"},"modified":"2025-10-16T18:01:02","modified_gmt":"2025-10-16T21:01:02","slug":"el-trigo-y-la-cebada-insinuan-altos-rendimientos-aunque-el-frio-genera-alertas","status":"publish","type":"post","link":"https:\/\/masquenoticiastucuman.com.ar\/?p=48266","title":{"rendered":"El trigo y la cebada insin\u00faan altos rendimientos, aunque el fr\u00edo genera alertas"},"content":{"rendered":"<ul>\n<li>El 89,9 % del trigo conserva una condici\u00f3n de cultivo de Buena a Excelente.<\/li>\n<li>La proyecci\u00f3n clim\u00e1tica a corto plazo genera cierta preocupaci\u00f3n por la posibilidad de heladas en un momento cr\u00edtico.<\/li>\n<\/ul>\n<p><\/p>","protected":false},"excerpt":{"rendered":"<p>El 89,9 % del trigo conserva una condici\u00f3n de cultivo de Buena a Excelente. La&#8230;<\/p>\n","protected":false},"author":1,"featured_media":0,"comment_status":"open","ping_status":"open","sticky":false,"template":"","format":"standard","meta":{"footnotes":""},"categories":[],"tags":[],"class_list":["post-48266","post","type-post","status-publish","format-standard","hentry"],"_links":{"self":[{"href":"https:\/\/masquenoticiastucuman.com.ar\/index.php?rest_route=\/wp\/v2\/posts\/48266","targetHints":{"allow":["GET"]}}],"collection":[{"href":"https:\/\/masquenoticiastucuman.com.ar\/index.php?rest_route=\/wp\/v2\/posts"}],"about":[{"href":"https:\/\/masquenoticiastucuman.com.ar\/index.php?rest_route=\/wp\/v2\/types\/post"}],"author":[{"embeddable":true,"href":"https:\/\/masquenoticiastucuman.com.ar\/index.php?rest_route=\/wp\/v2\/users\/1"}],"replies":[{"embeddable":true,"href":"https:\/\/masquenoticiastucuman.com.ar\/index.php?rest_route=%2Fwp%2Fv2%2Fcomments&post=48266"}],"version-history":[{"count":0,"href":"https:\/\/masquenoticiastucuman.com.ar\/index.php?rest_route=\/wp\/v2\/posts\/48266\/revisions"}],"wp:attachment":[{"href":"https:\/\/masquenoticiastucuman.com.ar\/index.php?rest_route=%2Fwp%2Fv2%2Fmedia&parent=48266"}],"wp:term":[{"taxonomy":"category","embeddable":true,"href":"https:\/\/masquenoticiastucuman.com.ar\/index.php?rest_route=%2Fwp%2Fv2%2Fcategories&post=48266"},{"taxonomy":"post_tag","embeddable":true,"href":"https:\/\/masquenoticiastucuman.com.ar\/index.php?rest_route=%2Fwp%2Fv2%2Ftags&post=48266"}],"curies":[{"name":"wp","href":"https:\/\/api.w.org\/{rel}","templated":true}]}}