{"id":48272,"date":"2025-10-16T21:31:04","date_gmt":"2025-10-17T00:31:04","guid":{"rendered":"http:\/\/masquenoticiastucuman.com.ar\/?p=48272"},"modified":"2025-10-16T21:31:04","modified_gmt":"2025-10-17T00:31:04","slug":"franco-colapinto-llego-a-austin-para-correr-el-gp-de-estados-unidos-y-todos-se-preguntan-si-seguira-otro-ano-en-la-formula-1","status":"publish","type":"post","link":"https:\/\/masquenoticiastucuman.com.ar\/?p=48272","title":{"rendered":"Franco Colapinto lleg\u00f3 a Austin para correr el GP de Estados Unidos y todos se preguntan si seguir\u00e1 otro a\u00f1o en la F\u00f3rmula 1"},"content":{"rendered":"<ul>\n<li>&#8220;Creo que solo seguir haciendo lo que estoy haciendo&#8221;, dijo el argentino al ser consultado sobre qu\u00e9 debe hacer para ser confirmado en Alpine para 2026.<\/li>\n<li>&#8220;Conf\u00edo en que el coche del pr\u00f3ximo a\u00f1o ser\u00e1 r\u00e1pido&#8221;, respondi\u00f3 con un gui\u00f1o hacia su futuro.<\/li>\n<\/ul>\n<p>\u200b&#8221;Creo que solo seguir haciendo lo que estoy haciendo&#8221;, dijo el argentino al ser consultado sobre qu\u00e9 debe hacer para ser confirmado en Alpine para 2026.&#8221;Conf\u00edo en que el coche del pr\u00f3ximo a\u00f1o ser\u00e1 r\u00e1pido&#8221;, respondi\u00f3 con un gui\u00f1o hacia su futuro.\u00a0<a href=\"https:\/\/www.clarin.com\/deportes\/franco-colapinto-llego-austin-correr-gp-estados-unidos-preguntan-seguira-ano-formula-1_0_PuS20Oz406.html\" target=\"_blank\" class=\"feedzy-rss-link-icon\">Read More<\/a><\/p>","protected":false},"excerpt":{"rendered":"<p>&#8220;Creo que solo seguir haciendo lo que estoy haciendo&#8221;, dijo el argentino al ser consultado&#8230;<\/p>\n","protected":false},"author":1,"featured_media":0,"comment_status":"open","ping_status":"open","sticky":false,"template":"","format":"standard","meta":{"footnotes":""},"categories":[1],"tags":[],"class_list":["post-48272","post","type-post","status-publish","format-standard","hentry","category-uncategorized"],"_links":{"self":[{"href":"https:\/\/masquenoticiastucuman.com.ar\/index.php?rest_route=\/wp\/v2\/posts\/48272","targetHints":{"allow":["GET"]}}],"collection":[{"href":"https:\/\/masquenoticiastucuman.com.ar\/index.php?rest_route=\/wp\/v2\/posts"}],"about":[{"href":"https:\/\/masquenoticiastucuman.com.ar\/index.php?rest_route=\/wp\/v2\/types\/post"}],"author":[{"embeddable":true,"href":"https:\/\/masquenoticiastucuman.com.ar\/index.php?rest_route=\/wp\/v2\/users\/1"}],"replies":[{"embeddable":true,"href":"https:\/\/masquenoticiastucuman.com.ar\/index.php?rest_route=%2Fwp%2Fv2%2Fcomments&post=48272"}],"version-history":[{"count":0,"href":"https:\/\/masquenoticiastucuman.com.ar\/index.php?rest_route=\/wp\/v2\/posts\/48272\/revisions"}],"wp:attachment":[{"href":"https:\/\/masquenoticiastucuman.com.ar\/index.php?rest_route=%2Fwp%2Fv2%2Fmedia&parent=48272"}],"wp:term":[{"taxonomy":"category","embeddable":true,"href":"https:\/\/masquenoticiastucuman.com.ar\/index.php?rest_route=%2Fwp%2Fv2%2Fcategories&post=48272"},{"taxonomy":"post_tag","embeddable":true,"href":"https:\/\/masquenoticiastucuman.com.ar\/index.php?rest_route=%2Fwp%2Fv2%2Ftags&post=48272"}],"curies":[{"name":"wp","href":"https:\/\/api.w.org\/{rel}","templated":true}]}}