{"id":48279,"date":"2025-10-17T07:20:51","date_gmt":"2025-10-17T10:20:51","guid":{"rendered":"https:\/\/masquenoticiastucuman.com.ar\/?p=48279"},"modified":"2025-10-17T07:20:52","modified_gmt":"2025-10-17T10:20:52","slug":"salud-informa-que-se-atendio-a-cuatro-pacientes-tras-el-incidente","status":"publish","type":"post","link":"https:\/\/masquenoticiastucuman.com.ar\/?p=48279","title":{"rendered":"Salud informa que se atendi\u00f3 a cuatro pacientes tras el incidente"},"content":{"rendered":"\n<p>Durante el temporal de agua y viento la pared de un supermercado en Delf\u00edn Gallo cedi\u00f3 dejando personas heridas.<\/p>\n\n\n\n<p id=\"isPasted\">Con relaci\u00f3n a los heridos por el siniestro en la localidad de Delf\u00edn Gallo, el Ministerio de Salud informa que se atendi\u00f3 a cuatro pacientes con politraumatismos. Los cuales fueron asistidos en hospitales p\u00fablicos.<\/p>\n\n\n\n<p>Dos de ellos fueron atendidos en el Hospital del Este, uno en el Hospital Padilla y otro en el CAPS, con heridas de distinta gravedad que est\u00e1n siendo evaluadas. Participaron del operativo cinco ambulancias de m\u00e1xima complejidad, dirigidos por el ministro de Salud, doctor&nbsp;<strong>Luis Medina Ruiz<\/strong>.&nbsp;<\/p>\n\n\n\n<p>Todos los pacientes internados est\u00e1n siendo evaluados y en observaci\u00f3n. El operativo cont\u00f3 con la presencia de los jefes de \u00c1reas Operativas y Program\u00e1ticas, y de Defensa Civil.<\/p>\n","protected":false},"excerpt":{"rendered":"<p>Durante el temporal de agua y viento la pared de un supermercado en Delf\u00edn Gallo&#8230;<\/p>\n","protected":false},"author":2,"featured_media":0,"comment_status":"open","ping_status":"open","sticky":false,"template":"","format":"standard","meta":{"footnotes":""},"categories":[2],"tags":[],"class_list":["post-48279","post","type-post","status-publish","format-standard","hentry","category-locales"],"_links":{"self":[{"href":"https:\/\/masquenoticiastucuman.com.ar\/index.php?rest_route=\/wp\/v2\/posts\/48279","targetHints":{"allow":["GET"]}}],"collection":[{"href":"https:\/\/masquenoticiastucuman.com.ar\/index.php?rest_route=\/wp\/v2\/posts"}],"about":[{"href":"https:\/\/masquenoticiastucuman.com.ar\/index.php?rest_route=\/wp\/v2\/types\/post"}],"author":[{"embeddable":true,"href":"https:\/\/masquenoticiastucuman.com.ar\/index.php?rest_route=\/wp\/v2\/users\/2"}],"replies":[{"embeddable":true,"href":"https:\/\/masquenoticiastucuman.com.ar\/index.php?rest_route=%2Fwp%2Fv2%2Fcomments&post=48279"}],"version-history":[{"count":1,"href":"https:\/\/masquenoticiastucuman.com.ar\/index.php?rest_route=\/wp\/v2\/posts\/48279\/revisions"}],"predecessor-version":[{"id":48281,"href":"https:\/\/masquenoticiastucuman.com.ar\/index.php?rest_route=\/wp\/v2\/posts\/48279\/revisions\/48281"}],"wp:attachment":[{"href":"https:\/\/masquenoticiastucuman.com.ar\/index.php?rest_route=%2Fwp%2Fv2%2Fmedia&parent=48279"}],"wp:term":[{"taxonomy":"category","embeddable":true,"href":"https:\/\/masquenoticiastucuman.com.ar\/index.php?rest_route=%2Fwp%2Fv2%2Fcategories&post=48279"},{"taxonomy":"post_tag","embeddable":true,"href":"https:\/\/masquenoticiastucuman.com.ar\/index.php?rest_route=%2Fwp%2Fv2%2Ftags&post=48279"}],"curies":[{"name":"wp","href":"https:\/\/api.w.org\/{rel}","templated":true}]}}