{"id":48282,"date":"2025-10-17T07:31:40","date_gmt":"2025-10-17T10:31:40","guid":{"rendered":"https:\/\/masquenoticiastucuman.com.ar\/?p=48282"},"modified":"2025-10-17T07:31:41","modified_gmt":"2025-10-17T10:31:41","slug":"jaldo-visito-la-escuela-donde-curso-la-primaria-y-celebro-los-107-anos-de-su-creacion","status":"publish","type":"post","link":"https:\/\/masquenoticiastucuman.com.ar\/?p=48282","title":{"rendered":"Jaldo visit\u00f3 la escuela donde curs\u00f3 la primaria y celebr\u00f3 los 107 a\u00f1os de su creaci\u00f3n"},"content":{"rendered":"\n<p>El gobernador en uso de licencia estuvo esta ma\u00f1ana participando del acto central por el aniversario de la Escuela 265 \u00abPolic\u00eda Federal Argentina\u00bb, ubicada en Trancas.<\/p>\n\n\n\n<p id=\"isPasted\">El gobernador en uso de licencia,&nbsp;<strong>Osvaldo Jaldo<\/strong>, fue invitado a participar del acto central por el 107 aniversario de la Escuela N\u00b0 265 \u201cPolic\u00eda Federal Argentina\u201d, ubicada en San Jos\u00e9, departamento de Trancas y a cinco kil\u00f3metros al sur de la ciudad cabecera.<\/p>\n\n\n\n<p>La instituci\u00f3n, de modalidad jornada completa, con 127 en el nivel primario y 19 en el nivel inicial, se ha consolidado como un espacio central en la formaci\u00f3n educativa y social de la comunidad rural.<\/p>\n\n\n\n<p><strong>En la oportunidad, el Superior Gobierno de la Provincia entreg\u00f3 150 kits escolares a los alumnos, aires acondicionados y una heladera para la escuela.<\/strong><\/p>\n\n\n\n<p>Jaldo -del que fue exalumno del establecimiento- se hizo presente junto a su esposa,<strong>&nbsp;Ana Mar\u00eda Grillo, los ministros de Interior, Dar\u00edo Monteros y Susana Montaldo, de Educaci\u00f3n, la diputada nacional Gladys Medina, el Intendente Antonio Moreno de Trancas, el legislador Roberto Moreno, de construcciones escolares Ramon Santiago Cano, presidente del Concejo Deliberante de Trancas y concejales, David Dom\u00ednguez y Alejandra Rejas<\/strong>&nbsp;en representaci\u00f3n de la Polic\u00eda Federal.<\/p>\n\n\n\n<p id=\"isPasted\">\u00abEsta escuela me genera doble emoci\u00f3n y orgullo porque aqu\u00ed hice mi primer grado, en esta escuela del interior del municipio\u00bb, comenz\u00f3 diciendo Jaldo en rueda de prensa y agradeci\u00f3 al legislador, Roberto Moreno, \u00abpor el apoyo y el acompa\u00f1amiento que nos dan para poder mantener las escuelas en el departamento, no solo en el municipio\u00bb.<\/p>\n\n\n\n<p>En esa l\u00ednea, el gobernador en uso de licencia agradeci\u00f3 a la familia educativa: \u00abHoy basta ingresar a la escuela para darnos cuenta el trabajo de ella y tambi\u00e9n de los docentes, el acompa\u00f1amiento de los pap\u00e1s que est\u00e1n mandando sus chicos a la escuela\u00bb.<\/p>\n\n\n\n<p>\u00abHace 61 a\u00f1os entr\u00e9 por la puerta de esta escuela y luego fui a la ciudad de Trancas, a la escuela N\u00b08. Yo siempre digo que uno nunca se tiene que olvidar de d\u00f3nde viene para no equivocarse a d\u00f3nde van\u00bb, dijo.<\/p>\n\n\n\n<p>Jaldo comparti\u00f3 el momento con exalumnos del establecimiento y cont\u00f3: \u00abA todos ellos les ha tocado vivir esa infancia aqu\u00ed, en San Jos\u00e9, cuando no hab\u00eda energ\u00eda el\u00e9ctrica, el agua potable era escasa, los docentes ten\u00edan que hacer un gran esfuerzo para llegar, y ni qu\u00e9 hablar las familias que viv\u00edan en el interior\u00bb.<\/p>\n\n\n\n<p>Por otro lado, cont\u00f3 que el equipo de construcciones escolares pas\u00f3 la escuela hace un mes y medio y \u00abhoy la escuelita est\u00e1 en condiciones\u00bb. \u00abNos hemos comprometido a terminar los ba\u00f1os. Queremos que este aniversario sea un verdadero festejo y que le queden cosas para las escuelas, para que los chicos las puedan disfrutar\u00bb.<\/p>\n\n\n\n<p id=\"isPasted\">La ministra de Educaci\u00f3n sostuvo: \u00abEstamos recogiendo la siembra. Eso es la educaci\u00f3n, sembrar para que cada chico vaya naciendo y desarroll\u00e1ndo los talentos que tiene cada uno\u00bb y a\u00f1adi\u00f3: \u00abDe esta escuela saldr\u00e1n profesionales, padres y madres de familia, grandes deportistas\u00bb.<\/p>\n\n\n\n<p>En ese sentido, Montaldo confirm\u00f3 que brindaron m\u00e1s de 2500 tablets a escuelas de nivel primario, para que los chicos puedan ejercitar su dicci\u00f3n y su escritura\u00bb.<\/p>\n\n\n\n<figure class=\"wp-block-image size-large\"><img decoding=\"async\" src=\"https:\/\/masquenoticiastucuman.com.ar\/wp-content\/uploads\/2025\/10\/251016130907_72631-1024x682.jpeg\" alt=\"\" class=\"wp-image-48283\" \/><\/figure>\n\n\n\n<p><strong>Relevancia hist\u00f3rica<\/strong><\/p>\n\n\n\n<p>El intendente de Trancas,&nbsp;<strong>Antonio Moreno<\/strong>, destac\u00f3 el valor simb\u00f3lico del establecimiento: \u201cEs una alegr\u00eda celebrar un a\u00f1o m\u00e1s y, fundamentalmente, el de una escuela, lugar donde uno da los primeros pasos en la formaci\u00f3n ciudadana, donde recibimos, adem\u00e1s de la ense\u00f1anza, el cari\u00f1o de las maestras\u201d. Se\u00f1al\u00f3 adem\u00e1s la relevancia hist\u00f3rica del edificio por haber sido el lugar donde curs\u00f3 sus estudios primarios el actual gobernador de la provincia,&nbsp;<strong>Osvaldo Jaldo<\/strong>. \u201cQuiero rescatar que un ciudadano del interior, con mucho sacrificio de sus padres, haya alcanzado sus logros. Ha sido un orgullo de haber llegado donde ha llegado, producto del esfuerzo y de la ense\u00f1anza recibida en el hogar y fortalecida por las docentes\u201d, afirm\u00f3 el jefe municipal.<\/p>\n\n\n\n<p>Moreno subray\u00f3 la importancia de celebrar junto a la comunidad: \u201cEs un orgullo celebrar un a\u00f1o m\u00e1s de esta escuela, acompa\u00f1ado por los vecinos de Trancas, los docentes y todo el pueblo. Es la forma que nosotros tenemos de trabajar y de expresarnos en armon\u00eda, agradeciendo a los docentes, a los padres y a los padrinos de la escuela, como es la Polic\u00eda Federal\u201d.<\/p>\n\n\n\n<p id=\"isPasted\">A su turno, Gladys Medina remarc\u00f3: \u00abEsta escuela marca la historia de lo que significa la escuela rural, la escuela p\u00fablica del interior de la provincia\u00bb y felicit\u00f3 a la docencia tucumana, \u00abespecialmente los docentes de las escuelas rurales, a las familias, a los ni\u00f1os\u00bb.<\/p>\n\n\n\n<p>\u00abEste establecimiento tiene el orgullo de tener hoy a un ex alumno que hoy es el gobernador de la provincia\u00bb, afirm\u00f3.<\/p>\n\n\n\n<h3 class=\"wp-block-heading\">Caricia al alma<\/h3>\n\n\n\n<p>El&nbsp;<strong>legislador Roberto Moreno<\/strong>, oriundo de Trancas, valor\u00f3 la trayectoria centenaria de la instituci\u00f3n: \u201cHoy es un d\u00eda muy importante, un d\u00eda hist\u00f3rico, porque cumplir ciento siete a\u00f1os de existencia en una zona rural dispersa no es poca cosa\u201d. Destac\u00f3 tambi\u00e9n la presencia del gobernador, quien asisti\u00f3 especialmente al acto: \u201cEs un placer que no se da todos los d\u00edas. Esto hace m\u00e1s noble al se\u00f1or gobernador, porque, con la tremenda agenda que tiene, se dio un tiempo para venir a su escuelita. Es un gesto que acaricia el alma y ennoblece a su persona\u201d.<\/p>\n\n\n\n<p>Moreno evoc\u00f3 adem\u00e1s el valor simb\u00f3lico del edificio: \u201cCu\u00e1ntos recuerdos traer\u00e1 en su coraz\u00f3n y en su mente al entrar a esta escuela y recordar el perfume de la tiza, el pizarr\u00f3n, el aula. La escuelita est\u00e1 igual, bien cuidada, pero en su estructura, igual. Es un d\u00eda muy lindo, sentimental, donde todos los tucumanos, y especialmente los tranque\u00f1os, vemos la clase de persona que es el gobernador\u201d.<\/p>\n\n\n\n<h3 class=\"wp-block-heading\">Motivar<\/h3>\n\n\n\n<p>La directora de la instituci\u00f3n,&nbsp;<strong>Ver\u00f3nica Salas<\/strong>, explic\u00f3 que el aniversario incluy\u00f3 una serie de actividades con la participaci\u00f3n de la comunidad: \u201cEstamos celebrando un nuevo a\u00f1o de creaci\u00f3n con los festejos a pleno. Es un honor recibir a las autoridades, a nuestros alumnos y a la comunidad en general\u201d. Se\u00f1al\u00f3 que el gobernador fue invitado especialmente \u201ccon motivo de haber transitado por las aulas y los patios de nuestra escuela\u201d.<\/p>\n\n\n\n<p>Salas resalt\u00f3 la importancia de su visita como ejemplo para los estudiantes: \u201cQueremos rescatar su figura como alguien que pueda motivar a nuestros alumnos para que, en un futuro, sean l\u00edderes de su comunidad\u201d.<\/p>\n\n\n\n<p>La escuela cuenta con&nbsp;<strong>145 alumnos<\/strong>&nbsp;distribuidos entre nivel inicial y primario. Funciona bajo la modalidad de jornada completa, por lo que los ni\u00f1os reciben desayuno, almuerzo y merienda. La directora destac\u00f3 el compromiso de toda la comunidad educativa para mantener el edificio: \u201cSi ustedes ven a la escuela en estas condiciones, es porque hay una participaci\u00f3n activa de los padres para sostenerla. Son nuestra fortaleza, como tiene que ser\u201d.<\/p>\n\n\n\n<h3 class=\"wp-block-heading\">Testimonios de alumnos<\/h3>\n\n\n\n<p>Durante la jornada, los alumnos compartieron su alegr\u00eda por ser parte del aniversario. Uno de ellos expres\u00f3: \u201cMe encari\u00f1\u00e9 mucho con esta escuela, aunque vine desde cuarto grado. Me han tratado muy bien desde que llegu\u00e9\u201d. Otra estudiante, Luz, manifest\u00f3: \u201cCuando vine me sorprend\u00ed porque estaba todo muy lleno. Me alegr\u00e9, estuve feliz\u201d.<\/p>\n\n\n\n<p>Consultada sobre la presencia de Jaldo, la ni\u00f1a a\u00f1adi\u00f3: \u201cMe alegra tambi\u00e9n. Creo que es un ejemplo, porque alg\u00fan d\u00eda cualquiera de nosotros podr\u00eda ser gobernador o gobernadora de la provincia\u201d. Su compa\u00f1era Ana coincidi\u00f3: \u201cEs un orgullo que venga el gobernador y las autoridades. Festejamos mucho. Fue muy lindo\u201d.<\/p>\n\n\n\n<p>El acto central incluy\u00f3 la apertura de una placa conmemorativa, n\u00fameros art\u00edsticos y un desayuno compartido con los vecinos. En un clima de comunidad y pertenencia, la Escuela N\u00b0 265 reafirm\u00f3 su papel en la historia educativa de Trancas, sosteniendo los valores de esfuerzo, unidad y compromiso que la acompa\u00f1aron durante m\u00e1s de un siglo.<\/p>\n\n\n\n<p><a href=\"https:\/\/www.facebook.com\/sharer\/sharer.php?u=https%3A%2F%2Felinformadordigital.ar%2F2025%2F10%2F17%2Fjaldo-visito-la-escuela-donde-curso-la-primaria-y-celebro-los-107-anos-de-su-creacion%2F\" rel=\"noreferrer noopener\" target=\"_blank\"><\/a><a href=\"https:\/\/twitter.com\/intent\/tweet?text=Jaldo%20visit%C3%B3%20la%20escuela%20donde%20curs%C3%B3%20la%20primaria%20y%20celebr%C3%B3%20los%20107%20a%C3%B1os%20de%20su%20creaci%C3%B3n&amp;url=https%3A%2F%2Felinformadordigital.ar%2F2025%2F10%2F17%2Fjaldo-visito-la-escuela-donde-curso-la-primaria-y-celebro-los-107-anos-de-su-creacion%2F\" rel=\"noreferrer noopener\" target=\"_blank\"><\/a><a href=\"https:\/\/reddit.com\/submit?url=https%3A%2F%2Felinformadordigital.ar%2F2025%2F10%2F17%2Fjaldo-visito-la-escuela-donde-curso-la-primaria-y-celebro-los-107-anos-de-su-creacion%2F&amp;title=Jaldo%20visit%C3%B3%20la%20escuela%20donde%20curs%C3%B3%20la%20primaria%20y%20celebr%C3%B3%20los%20107%20a%C3%B1os%20de%20su%20creaci%C3%B3n\" rel=\"noreferrer noopener\" target=\"_blank\"><\/a><a href=\"https:\/\/www.linkedin.com\/sharing\/share-offsite\/?url=https%3A%2F%2Felinformadordigital.ar%2F2025%2F10%2F17%2Fjaldo-visito-la-escuela-donde-curso-la-primaria-y-celebro-los-107-anos-de-su-creacion%2F\" rel=\"noreferrer noopener\" target=\"_blank\"><\/a><a href=\"https:\/\/elinformadordigital.ar\/2025\/10\/17\/jaldo-visito-la-escuela-donde-curso-la-primaria-y-celebro-los-107-anos-de-su-creacion\/\"><\/a><a href=\"https:\/\/mastodon.social\/share?text=https%3A%2F%2Felinformadordigital.ar%2F2025%2F10%2F17%2Fjaldo-visito-la-escuela-donde-curso-la-primaria-y-celebro-los-107-anos-de-su-creacion%2F&amp;title=Jaldo%20visit%C3%B3%20la%20escuela%20donde%20curs%C3%B3%20la%20primaria%20y%20celebr%C3%B3%20los%20107%20a%C3%B1os%20de%20su%20creaci%C3%B3n\" rel=\"noreferrer noopener\" target=\"_blank\"><\/a><a href=\"https:\/\/mix.com\/mixit?url=https%3A%2F%2Felinformadordigital.ar%2F2025%2F10%2F17%2Fjaldo-visito-la-escuela-donde-curso-la-primaria-y-celebro-los-107-anos-de-su-creacion%2F\" rel=\"noreferrer noopener\" target=\"_blank\"><\/a><a href=\"https:\/\/api.whatsapp.com\/send?text=Jaldo%20visit%C3%B3%20la%20escuela%20donde%20curs%C3%B3%20la%20primaria%20y%20celebr%C3%B3%20los%20107%20a%C3%B1os%20de%20su%20creaci%C3%B3n%20https%3A%2F%2Felinformadordigital.ar%2F2025%2F10%2F17%2Fjaldo-visito-la-escuela-donde-curso-la-primaria-y-celebro-los-107-anos-de-su-creacion%2F\" rel=\"noreferrer noopener\" target=\"_blank\"><\/a><a href=\"https:\/\/elinformadordigital.ar\/2025\/10\/17\/jaldo-visito-la-escuela-donde-curso-la-primaria-y-celebro-los-107-anos-de-su-creacion\/\"><\/a><\/p>\n\n\n\n<p><\/p>\n","protected":false},"excerpt":{"rendered":"<p>El gobernador en uso de licencia estuvo esta ma\u00f1ana participando del acto central por el&#8230;<\/p>\n","protected":false},"author":2,"featured_media":0,"comment_status":"open","ping_status":"open","sticky":false,"template":"","format":"standard","meta":{"footnotes":""},"categories":[2],"tags":[],"class_list":["post-48282","post","type-post","status-publish","format-standard","hentry","category-locales"],"_links":{"self":[{"href":"https:\/\/masquenoticiastucuman.com.ar\/index.php?rest_route=\/wp\/v2\/posts\/48282","targetHints":{"allow":["GET"]}}],"collection":[{"href":"https:\/\/masquenoticiastucuman.com.ar\/index.php?rest_route=\/wp\/v2\/posts"}],"about":[{"href":"https:\/\/masquenoticiastucuman.com.ar\/index.php?rest_route=\/wp\/v2\/types\/post"}],"author":[{"embeddable":true,"href":"https:\/\/masquenoticiastucuman.com.ar\/index.php?rest_route=\/wp\/v2\/users\/2"}],"replies":[{"embeddable":true,"href":"https:\/\/masquenoticiastucuman.com.ar\/index.php?rest_route=%2Fwp%2Fv2%2Fcomments&post=48282"}],"version-history":[{"count":1,"href":"https:\/\/masquenoticiastucuman.com.ar\/index.php?rest_route=\/wp\/v2\/posts\/48282\/revisions"}],"predecessor-version":[{"id":48285,"href":"https:\/\/masquenoticiastucuman.com.ar\/index.php?rest_route=\/wp\/v2\/posts\/48282\/revisions\/48285"}],"wp:attachment":[{"href":"https:\/\/masquenoticiastucuman.com.ar\/index.php?rest_route=%2Fwp%2Fv2%2Fmedia&parent=48282"}],"wp:term":[{"taxonomy":"category","embeddable":true,"href":"https:\/\/masquenoticiastucuman.com.ar\/index.php?rest_route=%2Fwp%2Fv2%2Fcategories&post=48282"},{"taxonomy":"post_tag","embeddable":true,"href":"https:\/\/masquenoticiastucuman.com.ar\/index.php?rest_route=%2Fwp%2Fv2%2Ftags&post=48282"}],"curies":[{"name":"wp","href":"https:\/\/api.w.org\/{rel}","templated":true}]}}