{"id":48286,"date":"2025-10-17T07:33:52","date_gmt":"2025-10-17T10:33:52","guid":{"rendered":"https:\/\/masquenoticiastucuman.com.ar\/?p=48286"},"modified":"2025-10-17T07:33:52","modified_gmt":"2025-10-17T10:33:52","slug":"derrumbe-en-el-supermercado-super-yan-de-delfin-gallo-deja-varios-heridos","status":"publish","type":"post","link":"https:\/\/masquenoticiastucuman.com.ar\/?p=48286","title":{"rendered":"Derrumbe en el supermercado &#8220;Super Yan&#8221; de Delf\u00edn Gallo deja varios heridos"},"content":{"rendered":"\n<p>Cuatro ambulancias trasladaron a personas afectadas mientras contin\u00faan las tareas de rescate y evaluaci\u00f3n en el lugar<\/p>\n\n\n\n<p>Ayer a la tarde se produjo un derrumbe en el supermercado de origen chino \u00abSuper Yan\u00bb, ubicado en la localidad de Delf\u00edn Gallo. El incidente gener\u00f3 una r\u00e1pida movilizaci\u00f3n de los servicios de emergencia, y hasta el momento se han contabilizado al menos cuatro ambulancias que trasladaron a personas heridas hacia centros de salud cercanos.<\/p>\n\n\n\n<p>Las causas del colapso a\u00fan no han sido confirmadas, pero testigos aseguran que se escuch\u00f3 un fuerte estruendo antes de que parte de la estructura cediera. Personal de bomberos, polic\u00eda y defensa civil se encuentra trabajando intensamente en el lugar para asegurar la zona, asistir a posibles v\u00edctimas atrapadas y evaluar los da\u00f1os.<\/p>\n\n\n\n<p>Vecinos del \u00e1rea se mostraron conmocionados por lo ocurrido, mientras que las autoridades locales han solicitado precauci\u00f3n y evitar acercarse al per\u00edmetro afectado. Se espera un informe oficial en las pr\u00f3ximas horas que detalle el n\u00famero de heridos y las condiciones del edificio.<\/p>\n","protected":false},"excerpt":{"rendered":"<p>Cuatro ambulancias trasladaron a personas afectadas mientras contin\u00faan las tareas de rescate y evaluaci\u00f3n en&#8230;<\/p>\n","protected":false},"author":2,"featured_media":0,"comment_status":"open","ping_status":"open","sticky":false,"template":"","format":"standard","meta":{"footnotes":""},"categories":[2],"tags":[],"class_list":["post-48286","post","type-post","status-publish","format-standard","hentry","category-locales"],"_links":{"self":[{"href":"https:\/\/masquenoticiastucuman.com.ar\/index.php?rest_route=\/wp\/v2\/posts\/48286","targetHints":{"allow":["GET"]}}],"collection":[{"href":"https:\/\/masquenoticiastucuman.com.ar\/index.php?rest_route=\/wp\/v2\/posts"}],"about":[{"href":"https:\/\/masquenoticiastucuman.com.ar\/index.php?rest_route=\/wp\/v2\/types\/post"}],"author":[{"embeddable":true,"href":"https:\/\/masquenoticiastucuman.com.ar\/index.php?rest_route=\/wp\/v2\/users\/2"}],"replies":[{"embeddable":true,"href":"https:\/\/masquenoticiastucuman.com.ar\/index.php?rest_route=%2Fwp%2Fv2%2Fcomments&post=48286"}],"version-history":[{"count":1,"href":"https:\/\/masquenoticiastucuman.com.ar\/index.php?rest_route=\/wp\/v2\/posts\/48286\/revisions"}],"predecessor-version":[{"id":48288,"href":"https:\/\/masquenoticiastucuman.com.ar\/index.php?rest_route=\/wp\/v2\/posts\/48286\/revisions\/48288"}],"wp:attachment":[{"href":"https:\/\/masquenoticiastucuman.com.ar\/index.php?rest_route=%2Fwp%2Fv2%2Fmedia&parent=48286"}],"wp:term":[{"taxonomy":"category","embeddable":true,"href":"https:\/\/masquenoticiastucuman.com.ar\/index.php?rest_route=%2Fwp%2Fv2%2Fcategories&post=48286"},{"taxonomy":"post_tag","embeddable":true,"href":"https:\/\/masquenoticiastucuman.com.ar\/index.php?rest_route=%2Fwp%2Fv2%2Ftags&post=48286"}],"curies":[{"name":"wp","href":"https:\/\/api.w.org\/{rel}","templated":true}]}}