{"id":48289,"date":"2025-10-17T08:30:03","date_gmt":"2025-10-17T11:30:03","guid":{"rendered":"https:\/\/masquenoticiastucuman.com.ar\/?p=48289"},"modified":"2025-10-17T08:30:03","modified_gmt":"2025-10-17T11:30:03","slug":"derrumbe-un-comite-de-crisis-asistio-a-las-personas-afectadas","status":"publish","type":"post","link":"https:\/\/masquenoticiastucuman.com.ar\/?p=48289","title":{"rendered":"Derrumbe: Un comit\u00e9 de crisis asisti\u00f3 a las personas afectadas"},"content":{"rendered":"\n<p>Las fuertes r\u00e1fagas de vientos desplomaron las paredes de un supermercado. No hubo que lamentar v\u00edctimas fatales, los heridos fueron asistidos en hospitales -los de mayor gravedad- y en Centros de Atenci\u00f3n Primaria los dem\u00e1s.<\/p>\n\n\n\n<p id=\"isPasted\">Desde los ministerio de Salud y Seguridad acercaron en la tarde noche de ayer informaci\u00f3n sobre el estado de salud de los heridas al ceder las paredes de un supermercado en el barrio Luj\u00e1n de Delf\u00edn Gallo y las paredes desplomarse como hojas de papel en el suelo.<\/p>\n\n\n\n<p id=\"isPasted\">Seg\u00fan informaron desde el ministerio de Salud \u00ab<strong>cuatro pacientes con golpes en varias partes del cuerpo (politraumatismos)<\/strong>. Los cuales fueron asistidos en hospitales p\u00fablicos\u00bb, detall\u00f3.<\/p>\n\n\n\n<p>\u00abDos de ellos fueron atendidos en el&nbsp;<strong>Hospital del Este, uno en el Hospital Padilla y otro en el Centro de Atenci\u00f3n Primaria de la Salud (CAPS)<\/strong>, con heridas de distinta gravedad que est\u00e1n siendo evaluadas\u00bb, agreg\u00f3.<\/p>\n\n\n\n<p>\u00abParticiparon del operativo cinco ambulancias de m\u00e1xima complejidad, dirigidos por el ministro de Salud,&nbsp;<strong>&nbsp;Luis Medina Ruiz<\/strong>\u00ab, puntualiz\u00f3 la cartera sanitaria de la provincia.<\/p>\n\n\n\n<h3 class=\"wp-block-heading\">Sin electricidad<\/h3>\n\n\n\n<p>Por su parte, el comisario mayor<strong>&nbsp;Ren\u00e9 Ram\u00edrez,<\/strong>&nbsp;segundo jefe de la Unidad Regional Este, integra el comit\u00e9 de crisis que de manera interdisciplinaria actu\u00f3 para asistir a la comunidad afectada y brind\u00f3 detalles de las tareas que continuar\u00e1n durante esta noche, dado que se trabaja para reestablecer la electricidad en la zona. Tambi\u00e9n confirm\u00f3 que los tres heridos se encuentran fuera de peligro.<\/p>\n\n\n\n<p id=\"isPasted\">\u201cLuego de la fuerte tormenta que hubo hoy en la tarde estuvo la tomamos conocimiento de un derrumbe en el super chino, ubicado en el centro de esta ciudad. De inmediato, desde la Regional se form\u00f3 un comit\u00e9 de crisis para trabajar en esta situaci\u00f3n. Participaron distintas Divisiones: Motorizada, Personal de Comisar\u00edas, Infanter\u00eda, Bomberos, adem\u00e1s personal de Defensa Civil y Vig\u00edas, todos tratando de resguardar la vida de las personas afectadas\u201d, dijo Ram\u00edrez.<\/p>\n\n\n\n<p>\u201cTenemos conocimiento que al momento del derrumbe hab\u00eda siete 7 operarios trabajando, 3 de ellos resultaron heridos y fueron derivados a los diferentes centros asistenciales de la ciudad y se encuentran fuera de peligro, en tanto las otras personas fueron asistidas en el Centro de Atenci\u00f3n Primaria de la Salud (CAPS) de la zona y se encuentran en buen estado de salud\u201d, agreg\u00f3 el comisario mayor.<\/p>\n\n\n\n<p>De esta manera, Ram\u00edrez se refer\u00eda al trabajo articulado entre el \u00e1rea de Seguridad y Salud juntamente con el delegado comunal y el personal de Vig\u00edas.<\/p>\n\n\n\n<p>\u201cSeguimos trabajando en el lugar para garantizar la seguridad de todos los vecinos para evitar que sufran alguna lesi\u00f3n debido a que la instalaci\u00f3n se encuentra con peligro de derrumbe. Adem\u00e1s, el lugar est\u00e1 sin energ\u00eda el\u00e9ctrica por el momento y la Polic\u00eda se va a encargar de custodiar la zona; despu\u00e9s de la fuerte tormenta vimos que hay postes del tendido el\u00e9ctrico ca\u00eddos, pero ya est\u00e1 trabajando EDET\u201d, cerr\u00f3 Ram\u00edrez.<\/p>\n","protected":false},"excerpt":{"rendered":"<p>Las fuertes r\u00e1fagas de vientos desplomaron las paredes de un supermercado. No hubo que lamentar&#8230;<\/p>\n","protected":false},"author":2,"featured_media":0,"comment_status":"open","ping_status":"open","sticky":false,"template":"","format":"standard","meta":{"footnotes":""},"categories":[2],"tags":[],"class_list":["post-48289","post","type-post","status-publish","format-standard","hentry","category-locales"],"_links":{"self":[{"href":"https:\/\/masquenoticiastucuman.com.ar\/index.php?rest_route=\/wp\/v2\/posts\/48289","targetHints":{"allow":["GET"]}}],"collection":[{"href":"https:\/\/masquenoticiastucuman.com.ar\/index.php?rest_route=\/wp\/v2\/posts"}],"about":[{"href":"https:\/\/masquenoticiastucuman.com.ar\/index.php?rest_route=\/wp\/v2\/types\/post"}],"author":[{"embeddable":true,"href":"https:\/\/masquenoticiastucuman.com.ar\/index.php?rest_route=\/wp\/v2\/users\/2"}],"replies":[{"embeddable":true,"href":"https:\/\/masquenoticiastucuman.com.ar\/index.php?rest_route=%2Fwp%2Fv2%2Fcomments&post=48289"}],"version-history":[{"count":1,"href":"https:\/\/masquenoticiastucuman.com.ar\/index.php?rest_route=\/wp\/v2\/posts\/48289\/revisions"}],"predecessor-version":[{"id":48291,"href":"https:\/\/masquenoticiastucuman.com.ar\/index.php?rest_route=\/wp\/v2\/posts\/48289\/revisions\/48291"}],"wp:attachment":[{"href":"https:\/\/masquenoticiastucuman.com.ar\/index.php?rest_route=%2Fwp%2Fv2%2Fmedia&parent=48289"}],"wp:term":[{"taxonomy":"category","embeddable":true,"href":"https:\/\/masquenoticiastucuman.com.ar\/index.php?rest_route=%2Fwp%2Fv2%2Fcategories&post=48289"},{"taxonomy":"post_tag","embeddable":true,"href":"https:\/\/masquenoticiastucuman.com.ar\/index.php?rest_route=%2Fwp%2Fv2%2Ftags&post=48289"}],"curies":[{"name":"wp","href":"https:\/\/api.w.org\/{rel}","templated":true}]}}