{"id":48304,"date":"2025-10-17T09:58:24","date_gmt":"2025-10-17T12:58:24","guid":{"rendered":"https:\/\/masquenoticiastucuman.com.ar\/?p=48304"},"modified":"2025-10-17T09:58:24","modified_gmt":"2025-10-17T12:58:24","slug":"el-ministro-abad-destaco-el-crecimiento-del-empleo-formal-en-tucuman","status":"publish","type":"post","link":"https:\/\/masquenoticiastucuman.com.ar\/?p=48304","title":{"rendered":"El ministro Abad destac\u00f3 el crecimiento del empleo formal en Tucum\u00e1n"},"content":{"rendered":"\n<p>El titular de Econom\u00eda y Producci\u00f3n explic\u00f3 la relevancia de la medici\u00f3n, realizada de forma \u201cdesestacionalizada\u201d, sin que influyan las cifras de empleo de las zafras azucarera ni la citr\u00edcola, cuando aumenta la demanda de recursos humanos en la provincia.<\/p>\n\n\n\n<p id=\"isPasted\">El ministro de Econom\u00eda y Producci\u00f3n,<strong>&nbsp;Daniel Abad<\/strong>, se refiri\u00f3 al aumento del empleo formal privado en la provincia, de acuerdo a los \u00faltimos datos del Sistema Integrado Previsional Argentino (SIPA), que registr\u00f3 un crecimiento del 0,8% entre noviembre de 2023 y julio de 2025. &nbsp;&nbsp;<\/p>\n\n\n\n<p>En ese marco, el funcionario destac\u00f3 que Tucum\u00e1n se encuentra dentro de las cuatro provincias que m\u00e1s crecimiento registraron a nivel nacional. \u201cCreci\u00f3 el empleo formal privado desde que asumi\u00f3 el gobernador&nbsp;<strong>Osvaldo Jaldo<\/strong>, a fines de octubre de 2023 hasta junio de 2025, lo que posiciona a Tucum\u00e1n en tercer lugar dentro de las cuatro provincias que m\u00e1s crecimiento tuvieron, junto con Mendoza, Neuqu\u00e9n y R\u00edo Negro\u201d.<\/p>\n\n\n\n<p>Abad explic\u00f3 la relevancia de la medici\u00f3n, realizada de forma \u201cdesestacionalizada\u201d, sin que influyan las cifras de empleo de las zafras azucareras ni citr\u00edcolas, cuando aumenta la demanda de recursos humanos en la provincia.&nbsp;<\/p>\n\n\n\n<p>Las causas del crecimiento del empleo, indic\u00f3 el Ministro, responden \u201ca una pol\u00edtica activa del gobernador Osvaldo Jaldo en todo lo que tenga que ver tanto con el sector p\u00fablico como el sector privado\u201d, por ejemplo,&nbsp;<strong>\u201ccon el impulso de la obra p\u00fablica, como el emprendimiento habitacional Procrear II, que genera puestos genuinos de trabajo\u201d.<\/strong><\/p>\n\n\n\n<p>Asimismo, en Tucum\u00e1n existen otras actividades del sector privado que son acompa\u00f1adas por el Estado, como la industria textil.<\/p>\n\n\n\n<p>\u201cLa cifra de crecimiento es de un 0,8%, en un contexto en el que el empleo a nivel nacional ha ca\u00eddo y se han destruido alrededor de 200.000 puestos de trabajo privados. Aqu\u00ed, Tucum\u00e1n es la contracara\u201d, celebr\u00f3 Abad y destac\u00f3 que \u201cse refleja la pol\u00edtica que viene llevando la provincia en todo lo que tiene que ver con el desarrollo local.\u201d<\/p>\n\n\n\n<p>Por \u00faltimo, el titular de Econom\u00eda y Producci\u00f3n recalc\u00f3 que una de las directrices del Gobierno provincial es que \u201cel Estado no interfiera ni obstaculice al sector privado, sino, todo lo contrario, que lo acompa\u00f1e, como ya lo venimos haciendo con exenciones tributarias, al\u00edcuota cero y una gran inversi\u00f3n de sector p\u00fablico\u201d, concluy\u00f3.&nbsp;<\/p>\n","protected":false},"excerpt":{"rendered":"<p>El titular de Econom\u00eda y Producci\u00f3n explic\u00f3 la relevancia de la medici\u00f3n, realizada de forma&#8230;<\/p>\n","protected":false},"author":2,"featured_media":0,"comment_status":"open","ping_status":"open","sticky":false,"template":"","format":"standard","meta":{"footnotes":""},"categories":[2],"tags":[],"class_list":["post-48304","post","type-post","status-publish","format-standard","hentry","category-locales"],"_links":{"self":[{"href":"https:\/\/masquenoticiastucuman.com.ar\/index.php?rest_route=\/wp\/v2\/posts\/48304","targetHints":{"allow":["GET"]}}],"collection":[{"href":"https:\/\/masquenoticiastucuman.com.ar\/index.php?rest_route=\/wp\/v2\/posts"}],"about":[{"href":"https:\/\/masquenoticiastucuman.com.ar\/index.php?rest_route=\/wp\/v2\/types\/post"}],"author":[{"embeddable":true,"href":"https:\/\/masquenoticiastucuman.com.ar\/index.php?rest_route=\/wp\/v2\/users\/2"}],"replies":[{"embeddable":true,"href":"https:\/\/masquenoticiastucuman.com.ar\/index.php?rest_route=%2Fwp%2Fv2%2Fcomments&post=48304"}],"version-history":[{"count":1,"href":"https:\/\/masquenoticiastucuman.com.ar\/index.php?rest_route=\/wp\/v2\/posts\/48304\/revisions"}],"predecessor-version":[{"id":48306,"href":"https:\/\/masquenoticiastucuman.com.ar\/index.php?rest_route=\/wp\/v2\/posts\/48304\/revisions\/48306"}],"wp:attachment":[{"href":"https:\/\/masquenoticiastucuman.com.ar\/index.php?rest_route=%2Fwp%2Fv2%2Fmedia&parent=48304"}],"wp:term":[{"taxonomy":"category","embeddable":true,"href":"https:\/\/masquenoticiastucuman.com.ar\/index.php?rest_route=%2Fwp%2Fv2%2Fcategories&post=48304"},{"taxonomy":"post_tag","embeddable":true,"href":"https:\/\/masquenoticiastucuman.com.ar\/index.php?rest_route=%2Fwp%2Fv2%2Ftags&post=48304"}],"curies":[{"name":"wp","href":"https:\/\/api.w.org\/{rel}","templated":true}]}}