{"id":48307,"date":"2025-10-17T12:42:01","date_gmt":"2025-10-17T15:42:01","guid":{"rendered":"https:\/\/masquenoticiastucuman.com.ar\/?p=48307"},"modified":"2025-10-17T12:42:01","modified_gmt":"2025-10-17T15:42:01","slug":"jaldo-destaco-la-adjudicacion-de-la-licitacion-para-la-modernizacion-del-aeropuerto-benjamin-matienzo","status":"publish","type":"post","link":"https:\/\/masquenoticiastucuman.com.ar\/?p=48307","title":{"rendered":"Jaldo destac\u00f3 la adjudicaci\u00f3n de la licitaci\u00f3n para la modernizaci\u00f3n del Aeropuerto Benjam\u00edn Matienzo"},"content":{"rendered":"\n<p>La obra contempla una inversi\u00f3n superior a los $48.700 millones y un plazo de ejecuci\u00f3n de 26 meses<\/p>\n\n\n\n<p id=\"isPasted\">El gobernador en uso de licencia,\u00a0<strong>Osvaldo Jaldo<\/strong>, se refiri\u00f3 a la concreci\u00f3n del proceso de adjudicaci\u00f3n de la Licitaci\u00f3n para la obra de modernizaci\u00f3n del Aeropuerto Internacional Benjam\u00edn Matienzo, realizada por Aeropuertos Argentina y el Organismo Regulador del Sistema Nacional de Aeropuertos (ORSNA).<\/p>\n\n\n\n<p>Del proceso participaron siete empresas y el presupuesto oficial ascendi\u00f3 a $48.728.924.716,68 m\u00e1s IVA (base diciembre 2024), con un plazo de ejecuci\u00f3n estimado en 26 meses.<\/p>\n\n\n\n<p>Jaldo expres\u00f3: \u201cCuando hemos llegado al Gobierno de la provincia en 2023, dentro de nuestra planificaci\u00f3n, que tiene que ver con mejorar los ingresos a la provincia, con el turismo y con ayudar a nuestras econom\u00edas regionales, para que tambi\u00e9n saquen su producci\u00f3n a trav\u00e9s de v\u00eda a\u00e9rea, nos pusimos a trabajar con el ORSNA y con Aeropuertos Argentina en reflotar la licitaci\u00f3n del aeropuerto de Tucum\u00e1n\u201d.<\/p>\n\n\n\n<figure class=\"wp-block-image size-full\"><img decoding=\"async\" src=\"https:\/\/masquenoticiastucuman.com.ar\/wp-content\/uploads\/2025\/10\/251017122813_70995.jpeg\" alt=\"\" class=\"wp-image-48309\" \/><\/figure>\n\n\n\n<p>El mandatario se\u00f1al\u00f3: \u201cTenemos esa gran noticia, que ya se adjudic\u00f3 a la empresa, que Aeropuerto 2000 termin\u00f3 con su trabajo de la licitaci\u00f3n p\u00fablica que hicieron y hoy las autoridades del ORSNA tienen que terminar de autorizar. Seguramente, la semana que viene la empresa que gan\u00f3 o que va a ganar tiene que estar ya instalada en el aeropuerto, con su obrador trabajando, y tener en Tucum\u00e1n uno de los mejores aeropuertos de la Argentina.\u201d<\/p>\n\n\n\n<p>Asimismo, explic\u00f3 que la obra se financiar\u00e1 con recursos provenientes de la tasa aeroportuaria: \u201cEsto se hace con los recursos de la tasa que pagamos cada viajero, y con la tasa que pagan los aviones por aterrizar. Ese fondo se destin\u00f3 con prioridad a la provincia de Tucum\u00e1n. Es la primera licitaci\u00f3n y el primer aeropuerto como obra nueva que se va a empezar a reconstruir en las provincias\u201d.<\/p>\n\n\n\n<p><strong>Detalles del proyecto<\/strong><\/p>\n\n\n\n<p>La obra contempla una renovaci\u00f3n total de la terminal de pasajeros, que pasar\u00e1 de 8.600 m\u00b2 a 10.000 m\u00b2 de superficie cubierta.<\/p>\n\n\n\n<p>Entre las intervenciones principales se destacan:<\/p>\n\n\n\n<ul class=\"wp-block-list\">\n<li>Incorporaci\u00f3n de dos nuevas mangas, para un total de tres.<\/li>\n\n\n\n<li>Ampliaci\u00f3n de la sala de embarque de 650 m\u00b2 a 1.800 m\u00b2.<\/li>\n\n\n\n<li>Instalaci\u00f3n de 14 mostradores de check-in.<\/li>\n\n\n\n<li>Nuevo hall de partidas con 4 puertas nacionales y 2 internacionales.<\/li>\n\n\n\n<li>Modernizaci\u00f3n de los sectores de control de equipaje, carruseles y \u00e1reas gastron\u00f3micas.<\/li>\n\n\n\n<li>La intervenci\u00f3n permitir\u00e1 operaciones simult\u00e1neas de vuelos nacionales e internacionales, adecuando la infraestructura al crecimiento de la demanda de pasajeros.<\/li>\n<\/ul>\n\n\n\n<p><strong>Inversi\u00f3n estrat\u00e9gica<\/strong><\/p>\n\n\n\n<p>El financiamiento proviene del Fideicomiso de Fortalecimiento del Sistema Nacional de Aeropuertos constituido por el 15% de los ingresos del concesionario que se reinvierten en obras de infraestructura aeroportuaria en todo el pa\u00eds.<\/p>\n","protected":false},"excerpt":{"rendered":"<p>La obra contempla una inversi\u00f3n superior a los $48.700 millones y un plazo de ejecuci\u00f3n&#8230;<\/p>\n","protected":false},"author":2,"featured_media":0,"comment_status":"open","ping_status":"open","sticky":false,"template":"","format":"standard","meta":{"footnotes":""},"categories":[2],"tags":[],"class_list":["post-48307","post","type-post","status-publish","format-standard","hentry","category-locales"],"_links":{"self":[{"href":"https:\/\/masquenoticiastucuman.com.ar\/index.php?rest_route=\/wp\/v2\/posts\/48307","targetHints":{"allow":["GET"]}}],"collection":[{"href":"https:\/\/masquenoticiastucuman.com.ar\/index.php?rest_route=\/wp\/v2\/posts"}],"about":[{"href":"https:\/\/masquenoticiastucuman.com.ar\/index.php?rest_route=\/wp\/v2\/types\/post"}],"author":[{"embeddable":true,"href":"https:\/\/masquenoticiastucuman.com.ar\/index.php?rest_route=\/wp\/v2\/users\/2"}],"replies":[{"embeddable":true,"href":"https:\/\/masquenoticiastucuman.com.ar\/index.php?rest_route=%2Fwp%2Fv2%2Fcomments&post=48307"}],"version-history":[{"count":1,"href":"https:\/\/masquenoticiastucuman.com.ar\/index.php?rest_route=\/wp\/v2\/posts\/48307\/revisions"}],"predecessor-version":[{"id":48310,"href":"https:\/\/masquenoticiastucuman.com.ar\/index.php?rest_route=\/wp\/v2\/posts\/48307\/revisions\/48310"}],"wp:attachment":[{"href":"https:\/\/masquenoticiastucuman.com.ar\/index.php?rest_route=%2Fwp%2Fv2%2Fmedia&parent=48307"}],"wp:term":[{"taxonomy":"category","embeddable":true,"href":"https:\/\/masquenoticiastucuman.com.ar\/index.php?rest_route=%2Fwp%2Fv2%2Fcategories&post=48307"},{"taxonomy":"post_tag","embeddable":true,"href":"https:\/\/masquenoticiastucuman.com.ar\/index.php?rest_route=%2Fwp%2Fv2%2Ftags&post=48307"}],"curies":[{"name":"wp","href":"https:\/\/api.w.org\/{rel}","templated":true}]}}