{"id":48311,"date":"2025-10-17T12:59:22","date_gmt":"2025-10-17T15:59:22","guid":{"rendered":"https:\/\/masquenoticiastucuman.com.ar\/?p=48311"},"modified":"2025-10-17T12:59:22","modified_gmt":"2025-10-17T15:59:22","slug":"montaldo-confirmo-el-cierre-del-ciclo-lectivo-el-19-de-diciembre","status":"publish","type":"post","link":"https:\/\/masquenoticiastucuman.com.ar\/?p=48311","title":{"rendered":"Montaldo confirm\u00f3 el cierre del ciclo lectivo el 19 de diciembre"},"content":{"rendered":"\n<p>La titular de la cartera educativa adelant\u00f3 que el inicio de clases ser\u00e1 el 2 de marzo.<\/p>\n\n\n\n<p id=\"isPasted\">La ministra de Educaci\u00f3n,<strong>&nbsp;Susana Montaldo,&nbsp;<\/strong>anunci\u00f3 este viernes que el ciclo lectivo 2025 finalizar\u00e1 el pr\u00f3ximo 19 de diciembre. Adem\u00e1s, inform\u00f3 que el inicio de clases para el ciclo 2026 ser\u00e1 el 2 de marzo.<\/p>\n\n\n\n<figure class=\"wp-block-image size-full\"><img decoding=\"async\" src=\"https:\/\/masquenoticiastucuman.com.ar\/wp-content\/uploads\/2025\/10\/730x473_251017122833_65151.jpeg\" alt=\"\" class=\"wp-image-48313\" \/><\/figure>\n\n\n\n<p>En declaraciones a la prensa, la funcionaria resalt\u00f3: \u201cCon la jornada extendida vamos a cumplir con una mayor cantidad de horas de la que establece la Secretar\u00eda de Educaci\u00f3n\u201d.<\/p>\n\n\n\n<p>Adem\u00e1s, adelant\u00f3 que ya se est\u00e1 proyectando el inicio del pr\u00f3ximo ciclo lectivo: &#8220;Ya estamos mirando que el primer d\u00eda de clases ser\u00e1 el 2 de marzo&#8221;, se\u00f1al\u00f3, en referencia a la planificaci\u00f3n educativa de 2026.<\/p>\n","protected":false},"excerpt":{"rendered":"<p>La titular de la cartera educativa adelant\u00f3 que el inicio de clases ser\u00e1 el 2&#8230;<\/p>\n","protected":false},"author":2,"featured_media":0,"comment_status":"open","ping_status":"open","sticky":false,"template":"","format":"standard","meta":{"footnotes":""},"categories":[2],"tags":[],"class_list":["post-48311","post","type-post","status-publish","format-standard","hentry","category-locales"],"_links":{"self":[{"href":"https:\/\/masquenoticiastucuman.com.ar\/index.php?rest_route=\/wp\/v2\/posts\/48311","targetHints":{"allow":["GET"]}}],"collection":[{"href":"https:\/\/masquenoticiastucuman.com.ar\/index.php?rest_route=\/wp\/v2\/posts"}],"about":[{"href":"https:\/\/masquenoticiastucuman.com.ar\/index.php?rest_route=\/wp\/v2\/types\/post"}],"author":[{"embeddable":true,"href":"https:\/\/masquenoticiastucuman.com.ar\/index.php?rest_route=\/wp\/v2\/users\/2"}],"replies":[{"embeddable":true,"href":"https:\/\/masquenoticiastucuman.com.ar\/index.php?rest_route=%2Fwp%2Fv2%2Fcomments&post=48311"}],"version-history":[{"count":1,"href":"https:\/\/masquenoticiastucuman.com.ar\/index.php?rest_route=\/wp\/v2\/posts\/48311\/revisions"}],"predecessor-version":[{"id":48314,"href":"https:\/\/masquenoticiastucuman.com.ar\/index.php?rest_route=\/wp\/v2\/posts\/48311\/revisions\/48314"}],"wp:attachment":[{"href":"https:\/\/masquenoticiastucuman.com.ar\/index.php?rest_route=%2Fwp%2Fv2%2Fmedia&parent=48311"}],"wp:term":[{"taxonomy":"category","embeddable":true,"href":"https:\/\/masquenoticiastucuman.com.ar\/index.php?rest_route=%2Fwp%2Fv2%2Fcategories&post=48311"},{"taxonomy":"post_tag","embeddable":true,"href":"https:\/\/masquenoticiastucuman.com.ar\/index.php?rest_route=%2Fwp%2Fv2%2Ftags&post=48311"}],"curies":[{"name":"wp","href":"https:\/\/api.w.org\/{rel}","templated":true}]}}