{"id":48319,"date":"2025-10-17T17:01:02","date_gmt":"2025-10-17T20:01:02","guid":{"rendered":"http:\/\/masquenoticiastucuman.com.ar\/?p=48319"},"modified":"2025-10-17T17:01:02","modified_gmt":"2025-10-17T20:01:02","slug":"la-camara-de-agroquimicos-y-fertilizantes-renovo-autoridades","status":"publish","type":"post","link":"https:\/\/masquenoticiastucuman.com.ar\/?p=48319","title":{"rendered":"La C\u00e1mara de Agroqu\u00edmicos y Fertilizantes renov\u00f3 autoridades"},"content":{"rendered":"<ul>\n<li>La conducci\u00f3n de la C\u00e1mara de la Industria Argentina de Fertilizantes y Agroqu\u00edmicos (CIAFA) volver\u00e1 a estar encabezada por Luis Becon.<\/li>\n<\/ul>","protected":false},"excerpt":{"rendered":"<p>La conducci\u00f3n de la C\u00e1mara de la Industria Argentina de Fertilizantes y Agroqu\u00edmicos (CIAFA) volver\u00e1&#8230;<\/p>\n","protected":false},"author":1,"featured_media":0,"comment_status":"open","ping_status":"open","sticky":false,"template":"","format":"standard","meta":{"footnotes":""},"categories":[],"tags":[],"class_list":["post-48319","post","type-post","status-publish","format-standard","hentry"],"_links":{"self":[{"href":"https:\/\/masquenoticiastucuman.com.ar\/index.php?rest_route=\/wp\/v2\/posts\/48319","targetHints":{"allow":["GET"]}}],"collection":[{"href":"https:\/\/masquenoticiastucuman.com.ar\/index.php?rest_route=\/wp\/v2\/posts"}],"about":[{"href":"https:\/\/masquenoticiastucuman.com.ar\/index.php?rest_route=\/wp\/v2\/types\/post"}],"author":[{"embeddable":true,"href":"https:\/\/masquenoticiastucuman.com.ar\/index.php?rest_route=\/wp\/v2\/users\/1"}],"replies":[{"embeddable":true,"href":"https:\/\/masquenoticiastucuman.com.ar\/index.php?rest_route=%2Fwp%2Fv2%2Fcomments&post=48319"}],"version-history":[{"count":0,"href":"https:\/\/masquenoticiastucuman.com.ar\/index.php?rest_route=\/wp\/v2\/posts\/48319\/revisions"}],"wp:attachment":[{"href":"https:\/\/masquenoticiastucuman.com.ar\/index.php?rest_route=%2Fwp%2Fv2%2Fmedia&parent=48319"}],"wp:term":[{"taxonomy":"category","embeddable":true,"href":"https:\/\/masquenoticiastucuman.com.ar\/index.php?rest_route=%2Fwp%2Fv2%2Fcategories&post=48319"},{"taxonomy":"post_tag","embeddable":true,"href":"https:\/\/masquenoticiastucuman.com.ar\/index.php?rest_route=%2Fwp%2Fv2%2Ftags&post=48319"}],"curies":[{"name":"wp","href":"https:\/\/api.w.org\/{rel}","templated":true}]}}