{"id":48327,"date":"2025-10-17T21:31:05","date_gmt":"2025-10-18T00:31:05","guid":{"rendered":"http:\/\/masquenoticiastucuman.com.ar\/?p=48327"},"modified":"2025-10-17T21:31:05","modified_gmt":"2025-10-18T00:31:05","slug":"f1-gp-de-estados-unidos-franco-colapinto-cerro-su-primer-dia-en-texas-con-altibajos-y-verstappen-se-llevo-la-pole-para-la-sprint-race","status":"publish","type":"post","link":"https:\/\/masquenoticiastucuman.com.ar\/?p=48327","title":{"rendered":"F1 GP de Estados Unidos: Franco Colapinto cerr\u00f3 su primer d\u00eda en Texas con altibajos y Verstappen se llev\u00f3 la pole para la Sprint Race"},"content":{"rendered":"<ul>\n<li>El argentino tuvo una buena pr\u00e1ctica, pero no logr\u00f3 pasar de la SQ1 en la clasificaci\u00f3n.<\/li>\n<li>Largar\u00e1 17\u00b0 este s\u00e1bado, cuatro puestos por detr\u00e1s de su compa\u00f1ero de equipo, Pierre Gasly.<\/li>\n<li>En tanto, el neerland\u00e9s fue el m\u00e1s r\u00e1pido y dej\u00f3 atr\u00e1s a los McLaren de Norris y Piastri.<\/li>\n<\/ul>\n<p>\u200bEl argentino tuvo una buena pr\u00e1ctica, pero no logr\u00f3 pasar de la SQ1 en la clasificaci\u00f3n.Largar\u00e1 17\u00b0 este s\u00e1bado, cuatro puestos por detr\u00e1s de su compa\u00f1ero de equipo, Pierre Gasly.En tanto, el neerland\u00e9s fue el m\u00e1s r\u00e1pido y dej\u00f3 atr\u00e1s a los McLaren de Norris y Piastri.\u00a0<a href=\"https:\/\/www.clarin.com\/deportes\/f1-gp-estados-unidos-franco-colapinto-cerro-primer-dia-texas-altibajos-verstappen-llevo-pole-sprint-race_0_4ESZzsQVaT.html\" target=\"_blank\" class=\"feedzy-rss-link-icon\">Read More<\/a><\/p>","protected":false},"excerpt":{"rendered":"<p>El argentino tuvo una buena pr\u00e1ctica, pero no logr\u00f3 pasar de la SQ1 en la&#8230;<\/p>\n","protected":false},"author":1,"featured_media":0,"comment_status":"open","ping_status":"open","sticky":false,"template":"","format":"standard","meta":{"footnotes":""},"categories":[1],"tags":[],"class_list":["post-48327","post","type-post","status-publish","format-standard","hentry","category-uncategorized"],"_links":{"self":[{"href":"https:\/\/masquenoticiastucuman.com.ar\/index.php?rest_route=\/wp\/v2\/posts\/48327","targetHints":{"allow":["GET"]}}],"collection":[{"href":"https:\/\/masquenoticiastucuman.com.ar\/index.php?rest_route=\/wp\/v2\/posts"}],"about":[{"href":"https:\/\/masquenoticiastucuman.com.ar\/index.php?rest_route=\/wp\/v2\/types\/post"}],"author":[{"embeddable":true,"href":"https:\/\/masquenoticiastucuman.com.ar\/index.php?rest_route=\/wp\/v2\/users\/1"}],"replies":[{"embeddable":true,"href":"https:\/\/masquenoticiastucuman.com.ar\/index.php?rest_route=%2Fwp%2Fv2%2Fcomments&post=48327"}],"version-history":[{"count":0,"href":"https:\/\/masquenoticiastucuman.com.ar\/index.php?rest_route=\/wp\/v2\/posts\/48327\/revisions"}],"wp:attachment":[{"href":"https:\/\/masquenoticiastucuman.com.ar\/index.php?rest_route=%2Fwp%2Fv2%2Fmedia&parent=48327"}],"wp:term":[{"taxonomy":"category","embeddable":true,"href":"https:\/\/masquenoticiastucuman.com.ar\/index.php?rest_route=%2Fwp%2Fv2%2Fcategories&post=48327"},{"taxonomy":"post_tag","embeddable":true,"href":"https:\/\/masquenoticiastucuman.com.ar\/index.php?rest_route=%2Fwp%2Fv2%2Ftags&post=48327"}],"curies":[{"name":"wp","href":"https:\/\/api.w.org\/{rel}","templated":true}]}}