{"id":48346,"date":"2025-10-18T10:54:39","date_gmt":"2025-10-18T13:54:39","guid":{"rendered":"https:\/\/masquenoticiastucuman.com.ar\/?p=48346"},"modified":"2025-10-18T11:10:58","modified_gmt":"2025-10-18T14:10:58","slug":"esta-sabado-vacunaran-contra-la-gripe-y-el-dengue-en-el-autovac-de-calle-jujuy","status":"publish","type":"post","link":"https:\/\/masquenoticiastucuman.com.ar\/?p=48346","title":{"rendered":"Este s\u00e1bado vacunar\u00e1n contra la gripe y el dengue en el AutoVac de calle Jujuy"},"content":{"rendered":"\n<p>La jornada est\u00e1 destinada a completar esquemas de vacunaci\u00f3n<\/p>\n\n\n\n<p>Este s\u00e1bado 18 de octubre, el nodo de vacunaci\u00f3n AutoVac de calle Jujuy 1351, estar\u00e1 habilitado de 9 a 14, para vacunar a quienes no pudieron hacerlo durante la semana. La jornada est\u00e1 destinada a completar esquemas de vacunaci\u00f3n.<\/p>\n\n\n\n<p>El ministro de Salud P\u00fablica,&nbsp;<strong>Luis Medina Ruiz<\/strong>, confirm\u00f3 que este s\u00e1bado 18 de octubre, el vacunatorio de calle Jujuy 1351 abrir\u00e1 sus puertas para una jornada especial de vacunaci\u00f3n antigripal y contra el dengue. El AutoVac estar\u00e1 disponible de 9:00 a 14:00, ofreciendo la posibilidad a quienes no pudieron vacunarse durante la semana de completar su esquema de inmunizaci\u00f3n.<\/p>\n\n\n\n<p>El ministro tambi\u00e9n subray\u00f3 la importancia de este operativo para aquellos que no han podido acceder a la vacuna, incluyendo tambi\u00e9n a quienes tienen pendiente la segunda dosis de la vacuna contra el dengue: \u00abEs fundamental que la comunidad aproveche esta oportunidad, ya que completar la vacunaci\u00f3n contra el dengue tiene una protecci\u00f3n de entre 3 a 5 a\u00f1os frente a enfermedades graves\u00bb, explic\u00f3. La vacuna antigripal estar\u00e1 disponible para los grupos m\u00e1s vulnerables, como personas mayores de 65 a\u00f1os, embarazadas, ni\u00f1os de entre 6 y 24 meses, y aquellos con condiciones de salud preexistentes, como diabetes, obesidad m\u00f3rbida, insuficiencia renal o enfermedades que afectan el sistema inmunol\u00f3gico.<\/p>\n\n\n\n<p>Medina Ruiz destac\u00f3: \u201cLas dosis de la vacuna han sido distribuidas por Naci\u00f3n, asegurando la disponibilidad suficiente para los sectores vulnerables. Adem\u00e1s, record\u00f3 que el tratamiento antiviral con Oseltamivir, disponible gratuitamente, ha demostrado ser clave para acortar la duraci\u00f3n de la enfermedad y evitar el contagio entre familiares\u201d.<\/p>\n\n\n\n<p>La campa\u00f1a de vacunaci\u00f3n ha tenido un impacto positivo en el control de la gripe. Las autoridades contin\u00faan trabajando para mantener la situaci\u00f3n epidemiol\u00f3gica bajo control y garantizar la salud de la comunidad tucumana.<\/p>\n\n\n\n<p>Este operativo es parte del esfuerzo constante del Ministerio de Salud P\u00fablica para proteger a la poblaci\u00f3n ante la amenaza del dengue.<\/p>\n","protected":false},"excerpt":{"rendered":"<p>La jornada est\u00e1 destinada a completar esquemas de vacunaci\u00f3n Este s\u00e1bado 18 de octubre, el&#8230;<\/p>\n","protected":false},"author":2,"featured_media":0,"comment_status":"open","ping_status":"open","sticky":false,"template":"","format":"standard","meta":{"footnotes":""},"categories":[2],"tags":[],"class_list":["post-48346","post","type-post","status-publish","format-standard","hentry","category-locales"],"_links":{"self":[{"href":"https:\/\/masquenoticiastucuman.com.ar\/index.php?rest_route=\/wp\/v2\/posts\/48346","targetHints":{"allow":["GET"]}}],"collection":[{"href":"https:\/\/masquenoticiastucuman.com.ar\/index.php?rest_route=\/wp\/v2\/posts"}],"about":[{"href":"https:\/\/masquenoticiastucuman.com.ar\/index.php?rest_route=\/wp\/v2\/types\/post"}],"author":[{"embeddable":true,"href":"https:\/\/masquenoticiastucuman.com.ar\/index.php?rest_route=\/wp\/v2\/users\/2"}],"replies":[{"embeddable":true,"href":"https:\/\/masquenoticiastucuman.com.ar\/index.php?rest_route=%2Fwp%2Fv2%2Fcomments&post=48346"}],"version-history":[{"count":2,"href":"https:\/\/masquenoticiastucuman.com.ar\/index.php?rest_route=\/wp\/v2\/posts\/48346\/revisions"}],"predecessor-version":[{"id":48349,"href":"https:\/\/masquenoticiastucuman.com.ar\/index.php?rest_route=\/wp\/v2\/posts\/48346\/revisions\/48349"}],"wp:attachment":[{"href":"https:\/\/masquenoticiastucuman.com.ar\/index.php?rest_route=%2Fwp%2Fv2%2Fmedia&parent=48346"}],"wp:term":[{"taxonomy":"category","embeddable":true,"href":"https:\/\/masquenoticiastucuman.com.ar\/index.php?rest_route=%2Fwp%2Fv2%2Fcategories&post=48346"},{"taxonomy":"post_tag","embeddable":true,"href":"https:\/\/masquenoticiastucuman.com.ar\/index.php?rest_route=%2Fwp%2Fv2%2Ftags&post=48346"}],"curies":[{"name":"wp","href":"https:\/\/api.w.org\/{rel}","templated":true}]}}