{"id":48350,"date":"2025-10-18T11:59:12","date_gmt":"2025-10-18T14:59:12","guid":{"rendered":"https:\/\/masquenoticiastucuman.com.ar\/?p=48350"},"modified":"2025-10-18T11:59:13","modified_gmt":"2025-10-18T14:59:13","slug":"la-provincia-pone-en-marcha-la-reconstruccion-del-puente-del-coy-en-estacion-araoz","status":"publish","type":"post","link":"https:\/\/masquenoticiastucuman.com.ar\/?p=48350","title":{"rendered":"La Provincia pone en marcha la reconstrucci\u00f3n del Puente del Coy en Estaci\u00f3n Ar\u00e1oz"},"content":{"rendered":"\n<p>La Direcci\u00f3n Provincial de Vialidad (DPV) inici\u00f3 la ejecuci\u00f3n de un puente de 75 metros de longitud sobre un canal troncal, una obra fundamental que mejorar\u00e1 la calidad de vida y la transitabilidad de los vecinos del departamento Leales.<\/p>\n\n\n\n<p id=\"isPasted\">El Ministerio de Obras, Infraestructura y Transporte P\u00fablico de la Provincia, a trav\u00e9s de la Direcci\u00f3n Provincial de Vialidad (DPV), anunci\u00f3 el inicio de los trabajos para la construcci\u00f3n de un nuevo puente vehicular en un camino vecinal clave de la comuna de Estaci\u00f3n Araoz y Tacanas, en el departamento Leales. La obra, que reemplazar\u00e1 la estructura remanente de un antiguo puente, es esencial para garantizar la seguridad vial y establecer una conectividad fluida para la producci\u00f3n y la vida cotidiana de los vecinos.<\/p>\n\n\n\n<p><strong>El proyecto contempla la construcci\u00f3n de un puente moderno de 75 metros de longitud total, que se apoyar\u00e1 sobre tres vanos, con dos pilas y dos estribos.&nbsp;<\/strong>El dise\u00f1o incluye una calzada de 7.30 metros de ancho y veredas peatonales laterales de 0.60 metros cada una, elevando significativamente los est\u00e1ndares de seguridad para veh\u00edculos y transe\u00fantes. Esta intervenci\u00f3n integral, que adem\u00e1s incluye la limpieza del cauce y la vinculaci\u00f3n con los accesos existentes, requiere una&nbsp;<strong>inversi\u00f3n de m\u00e1s de $2.114 millones de pesos y tiene un plazo estimado de ejecuci\u00f3n de 8 meses.<\/strong><\/p>\n\n\n\n<p>Los trabajos son coordinados y supervisados por el equipo del Ministerio de Obras, Infraestructura y Transporte P\u00fablico. El avance del proyecto fue articulado por el ministro Ing.&nbsp;<strong>Marcelo Nazur;&nbsp;<\/strong>el secretario de Obras P\u00fablicas, Ing.&nbsp;<strong>Jorge Chrestia;<\/strong>&nbsp;y el titular de la DPV,<strong>&nbsp;Pablo D\u00edaz<\/strong>. Esta obra se enmarca en el plan de infraestructura para el interior de la provincia impulsado por el gobernador&nbsp;<strong>Osvaldo Jaldo.<\/strong><\/p>\n\n\n\n<p>El ministro Nazur destac\u00f3 el impacto de la inversi\u00f3n en el interior productivo: \u00abel nuevo puente de Estaci\u00f3n Araoz y Tacanas es una muestra del compromiso del gobernador&nbsp;<strong>Osvaldo Jaldo<\/strong>&nbsp;con el interior de Tucum\u00e1n. Estamos invirtiendo m\u00e1s de 2.100 millones de pesos para construir infraestructura que genera seguridad y desarrollo. Reemplazar una estructura obsoleta por un puente de 75 metros y veredas peatonales significa darles a los vecinos una conectividad garantizada y segura, evitando interrupciones por las crecidas y facilitando la salida de la producci\u00f3n\u201d.<\/p>\n\n\n\n<p>Con la puesta en marcha de esta obra vial, el Gobierno de Tucum\u00e1n ratifica su decisi\u00f3n de invertir en el mantenimiento y la modernizaci\u00f3n de la red caminera y de infraestructura de cruce, sentando las bases para una mayor seguridad y un desarrollo equilibrado en todas las comunas de la provincia.<\/p>\n","protected":false},"excerpt":{"rendered":"<p>La Direcci\u00f3n Provincial de Vialidad (DPV) inici\u00f3 la ejecuci\u00f3n de un puente de 75 metros&#8230;<\/p>\n","protected":false},"author":2,"featured_media":0,"comment_status":"open","ping_status":"open","sticky":false,"template":"","format":"standard","meta":{"footnotes":""},"categories":[2],"tags":[],"class_list":["post-48350","post","type-post","status-publish","format-standard","hentry","category-locales"],"_links":{"self":[{"href":"https:\/\/masquenoticiastucuman.com.ar\/index.php?rest_route=\/wp\/v2\/posts\/48350","targetHints":{"allow":["GET"]}}],"collection":[{"href":"https:\/\/masquenoticiastucuman.com.ar\/index.php?rest_route=\/wp\/v2\/posts"}],"about":[{"href":"https:\/\/masquenoticiastucuman.com.ar\/index.php?rest_route=\/wp\/v2\/types\/post"}],"author":[{"embeddable":true,"href":"https:\/\/masquenoticiastucuman.com.ar\/index.php?rest_route=\/wp\/v2\/users\/2"}],"replies":[{"embeddable":true,"href":"https:\/\/masquenoticiastucuman.com.ar\/index.php?rest_route=%2Fwp%2Fv2%2Fcomments&post=48350"}],"version-history":[{"count":1,"href":"https:\/\/masquenoticiastucuman.com.ar\/index.php?rest_route=\/wp\/v2\/posts\/48350\/revisions"}],"predecessor-version":[{"id":48352,"href":"https:\/\/masquenoticiastucuman.com.ar\/index.php?rest_route=\/wp\/v2\/posts\/48350\/revisions\/48352"}],"wp:attachment":[{"href":"https:\/\/masquenoticiastucuman.com.ar\/index.php?rest_route=%2Fwp%2Fv2%2Fmedia&parent=48350"}],"wp:term":[{"taxonomy":"category","embeddable":true,"href":"https:\/\/masquenoticiastucuman.com.ar\/index.php?rest_route=%2Fwp%2Fv2%2Fcategories&post=48350"},{"taxonomy":"post_tag","embeddable":true,"href":"https:\/\/masquenoticiastucuman.com.ar\/index.php?rest_route=%2Fwp%2Fv2%2Ftags&post=48350"}],"curies":[{"name":"wp","href":"https:\/\/api.w.org\/{rel}","templated":true}]}}