{"id":48359,"date":"2025-10-18T21:31:04","date_gmt":"2025-10-19T00:31:04","guid":{"rendered":"http:\/\/masquenoticiastucuman.com.ar\/?p=48359"},"modified":"2025-10-18T21:31:04","modified_gmt":"2025-10-19T00:31:04","slug":"thiago-almada-hizo-feliz-al-atletico-de-madrid-con-su-primer-gol-pase-de-giuliano-simeone-y-triunfo-clave-para-el-equipo-del-cholo-en-laliga","status":"publish","type":"post","link":"https:\/\/masquenoticiastucuman.com.ar\/?p=48359","title":{"rendered":"Thiago Almada hizo feliz al Atl\u00e9tico de Madrid con su primer gol: pase de Giuliano Simeone y triunfo clave para el equipo del Cholo en LaLiga"},"content":{"rendered":"<ul>\n<li>El campe\u00f3n del mundo ven\u00eda de perderse siete partidos por una lesi\u00f3n.<\/li>\n<li>Ingres\u00f3 en el segundo tiempo y destrab\u00f3 un duelo chivo con una linda combinaci\u00f3n.<\/li>\n<li>El arquero Oblak salv\u00f3 a los colchoneros sobre el final del encuentro.<\/li>\n<\/ul>\n<p>\u200bEl campe\u00f3n del mundo ven\u00eda de perderse siete partidos por una lesi\u00f3n.Ingres\u00f3 en el segundo tiempo y destrab\u00f3 un duelo chivo con una linda combinaci\u00f3n.El arquero Oblak salv\u00f3 a los colchoneros sobre el final del encuentro.\u00a0<a href=\"https:\/\/www.clarin.com\/deportes\/thiago-almada-hizo-feliz-atletico-madrid-primer-gol-pase-giuliano-simeone-triunfo-clave-equipo-cholo-laliga_0_UhpUEyKlkL.html\" target=\"_blank\" class=\"feedzy-rss-link-icon\">Read More<\/a><\/p>","protected":false},"excerpt":{"rendered":"<p>El campe\u00f3n del mundo ven\u00eda de perderse siete partidos por una lesi\u00f3n. Ingres\u00f3 en el&#8230;<\/p>\n","protected":false},"author":1,"featured_media":0,"comment_status":"open","ping_status":"open","sticky":false,"template":"","format":"standard","meta":{"footnotes":""},"categories":[1],"tags":[],"class_list":["post-48359","post","type-post","status-publish","format-standard","hentry","category-uncategorized"],"_links":{"self":[{"href":"https:\/\/masquenoticiastucuman.com.ar\/index.php?rest_route=\/wp\/v2\/posts\/48359","targetHints":{"allow":["GET"]}}],"collection":[{"href":"https:\/\/masquenoticiastucuman.com.ar\/index.php?rest_route=\/wp\/v2\/posts"}],"about":[{"href":"https:\/\/masquenoticiastucuman.com.ar\/index.php?rest_route=\/wp\/v2\/types\/post"}],"author":[{"embeddable":true,"href":"https:\/\/masquenoticiastucuman.com.ar\/index.php?rest_route=\/wp\/v2\/users\/1"}],"replies":[{"embeddable":true,"href":"https:\/\/masquenoticiastucuman.com.ar\/index.php?rest_route=%2Fwp%2Fv2%2Fcomments&post=48359"}],"version-history":[{"count":0,"href":"https:\/\/masquenoticiastucuman.com.ar\/index.php?rest_route=\/wp\/v2\/posts\/48359\/revisions"}],"wp:attachment":[{"href":"https:\/\/masquenoticiastucuman.com.ar\/index.php?rest_route=%2Fwp%2Fv2%2Fmedia&parent=48359"}],"wp:term":[{"taxonomy":"category","embeddable":true,"href":"https:\/\/masquenoticiastucuman.com.ar\/index.php?rest_route=%2Fwp%2Fv2%2Fcategories&post=48359"},{"taxonomy":"post_tag","embeddable":true,"href":"https:\/\/masquenoticiastucuman.com.ar\/index.php?rest_route=%2Fwp%2Fv2%2Ftags&post=48359"}],"curies":[{"name":"wp","href":"https:\/\/api.w.org\/{rel}","templated":true}]}}