{"id":48375,"date":"2025-10-19T11:03:13","date_gmt":"2025-10-19T14:03:13","guid":{"rendered":"https:\/\/masquenoticiastucuman.com.ar\/?p=48375"},"modified":"2025-10-19T11:03:13","modified_gmt":"2025-10-19T14:03:13","slug":"tenencia-de-estupefacientes-para-comercializacion-prision-preventiva-por-dos-meses-para-el-yankee","status":"publish","type":"post","link":"https:\/\/masquenoticiastucuman.com.ar\/?p=48375","title":{"rendered":"Tenencia de estupefacientes para comercializaci\u00f3n: Prisi\u00f3n preventiva por dos meses para \u201cEl Yankee\u201d"},"content":{"rendered":"\n<p>Tambi\u00e9n fue imputada su pareja junto a otros dos \u201csoldaditos\u201d. Interviene la Unidad Fiscal de Narcomenudeo del Ministerio Fiscal en Capital. Las detenciones se realizaron en un domicilio de calle Lavalle al 2700 luego de un llamado an\u00f3nimo para alertar la situaci\u00f3n que atemoriza a los vecinos.<\/p>\n\n\n\n<p>A 48 horas de la detenci\u00f3n del conocido como \u201cEl Yankee\u201d (41) y de su pareja (39), junto a otros dos masculinos (de 28 y de 29 a\u00f1os), la Unidad Fiscal Especializada en Narcomenudeo del Ministerio Fiscal de Tucum\u00e1n, al mando de Jos\u00e9 Sanju\u00e1n, los imput\u00f3 por el delito de tenencia de estupefacientes con fines de comercializaci\u00f3n.<br>\u00abAlertados por una denuncia an\u00f3nima de una mujer, sobre la venta de sustancias en un domicilio de calle Lavalle al 2700, se secuestr\u00f3 coca\u00edna, marihuana y balanza.<\/p>\n\n\n\n<p>El Yankee estaba con su mujer y dos soldaditos que vend\u00edan para \u00e9l. Adem\u00e1s, est\u00e1 siendo investigado en el marco de otros legajos (que ser\u00e1n acumulados)\u00bb, indic\u00f3 el Fiscal quien mencion\u00f3 que de las tareas particip\u00f3 personal de la polic\u00eda federal.<\/p>\n\n\n\n<figure class=\"wp-block-image size-full\"><img decoding=\"async\" src=\"https:\/\/masquenoticiastucuman.com.ar\/wp-content\/uploads\/2025\/10\/detenido-2.jpg\" alt=\"\" class=\"wp-image-48376\" \/><\/figure>\n\n\n\n<p>La acusaci\u00f3n<\/p>\n\n\n\n<p>La auxiliar de fiscal, Elina Gonz\u00e1lez, fue la encargada de relatar el hecho atribuido y las evidencias. Seg\u00fan la acusaci\u00f3n, el jueves 16 de octubre, siendo las 14:30 horas aproximadamente, y como producto de una medida de allanamiento dispuesta por el juez del Colegio de Jueces de la Capital, en el domicilio ubicado entre calles Lavalle y Juan B. Ter\u00e1n, de San Miguel de Tucum\u00e1n, el apodado <\/p>\n\n\n\n<p>\u201cEl Yankee\u201d junto a otros tres (entre ellos su concubina) ten\u00edan bajo su esfera de custodia y con poder de disposici\u00f3n sustancia estupefacientes con la intenci\u00f3n de una venta futura por su acondicionamiento y fraccionamiento. <\/p>\n\n\n\n<p>Atento a las circunstancias de modo, tiempo y lugar en las que sucedi\u00f3 el presente il\u00edcito, la representante del MPF consider\u00f3 que las medidas de menor intensidad no eran suficientes para asegurar los fines del proceso. Por ello, solicit\u00f3 la prisi\u00f3n preventiva por cuatro meses ya que existen elementos de convicci\u00f3n para sostener que el delito se cometi\u00f3; que los imputados son autores del delito y\u2006que hacen presumir razonablemente que no se someter\u00e1n al proceso y obstaculizar\u00e1n la investigaci\u00f3n. <\/p>\n\n\n\n<p>Sin embargo, la jueza actuante solo hizo lugar, parcialmente, a la medida de coerci\u00f3n m\u00e1s gravosa para \u201cEl Yankee\u201d por el plazo de dos meses. En tanto, para sus c\u00f3mplices se orden\u00f3 el arresto domiciliario por igual t\u00e9rmino.<\/p>\n\n\n\n<p><a href=\"https:\/\/www.facebook.com\/sharer\/sharer.php?u=https%3A%2F%2Felinformadordigital.ar%2F2025%2F10%2F19%2Ftenencia-de-estupefacientes-para-comercializacion-prision-preventiva-por-dos-meses-para-el-yankee%2F\" rel=\"noreferrer noopener\" target=\"_blank\"><\/a><a href=\"https:\/\/twitter.com\/intent\/tweet?text=Tenencia%20de%20estupefacientes%20para%20comercializaci%C3%B3n%3A%20Prisi%C3%B3n%20preventiva%20por%20dos%20meses%20para%20%E2%80%9CEl%20Yankee%E2%80%9D&amp;url=https%3A%2F%2Felinformadordigital.ar%2F2025%2F10%2F19%2Ftenencia-de-estupefacientes-para-comercializacion-prision-preventiva-por-dos-meses-para-el-yankee%2F\" rel=\"noreferrer noopener\" target=\"_blank\"><\/a><a href=\"https:\/\/reddit.com\/submit?url=https%3A%2F%2Felinformadordigital.ar%2F2025%2F10%2F19%2Ftenencia-de-estupefacientes-para-comercializacion-prision-preventiva-por-dos-meses-para-el-yankee%2F&amp;title=Tenencia%20de%20estupefacientes%20para%20comercializaci%C3%B3n%3A%20Prisi%C3%B3n%20preventiva%20por%20dos%20meses%20para%20%E2%80%9CEl%20Yankee%E2%80%9D\" rel=\"noreferrer noopener\" target=\"_blank\"><\/a><a href=\"https:\/\/www.linkedin.com\/sharing\/share-offsite\/?url=https%3A%2F%2Felinformadordigital.ar%2F2025%2F10%2F19%2Ftenencia-de-estupefacientes-para-comercializacion-prision-preventiva-por-dos-meses-para-el-yankee%2F\" rel=\"noreferrer noopener\" target=\"_blank\"><\/a><a href=\"https:\/\/elinformadordigital.ar\/2025\/10\/19\/tenencia-de-estupefacientes-para-comercializacion-prision-preventiva-por-dos-meses-para-el-yankee\/\"><\/a><a href=\"https:\/\/mastodon.social\/share?text=https%3A%2F%2Felinformadordigital.ar%2F2025%2F10%2F19%2Ftenencia-de-estupefacientes-para-comercializacion-prision-preventiva-por-dos-meses-para-el-yankee%2F&amp;title=Tenencia%20de%20estupefacientes%20para%20comercializaci%C3%B3n%3A%20Prisi%C3%B3n%20preventiva%20por%20dos%20meses%20para%20%E2%80%9CEl%20Yankee%E2%80%9D\" rel=\"noreferrer noopener\" target=\"_blank\"><\/a><a href=\"https:\/\/mix.com\/mixit?url=https%3A%2F%2Felinformadordigital.ar%2F2025%2F10%2F19%2Ftenencia-de-estupefacientes-para-comercializacion-prision-preventiva-por-dos-meses-para-el-yankee%2F\" rel=\"noreferrer noopener\" target=\"_blank\"><\/a><a href=\"https:\/\/api.whatsapp.com\/send?text=Tenencia%20de%20estupefacientes%20para%20comercializaci%C3%B3n%3A%20Prisi%C3%B3n%20preventiva%20por%20dos%20meses%20para%20%E2%80%9CEl%20Yankee%E2%80%9D%20https%3A%2F%2Felinformadordigital.ar%2F2025%2F10%2F19%2Ftenencia-de-estupefacientes-para-comercializacion-prision-preventiva-por-dos-meses-para-el-yankee%2F\" rel=\"noreferrer noopener\" target=\"_blank\"><\/a><a href=\"https:\/\/elinformadordigital.ar\/2025\/10\/19\/tenencia-de-estupefacientes-para-comercializacion-prision-preventiva-por-dos-meses-para-el-yankee\/\"><\/a><\/p>\n\n\n\n<p><\/p>\n\n\n\n<p><\/p>\n","protected":false},"excerpt":{"rendered":"<p>Tambi\u00e9n fue imputada su pareja junto a otros dos \u201csoldaditos\u201d. Interviene la Unidad Fiscal de&#8230;<\/p>\n","protected":false},"author":2,"featured_media":0,"comment_status":"open","ping_status":"open","sticky":false,"template":"","format":"standard","meta":{"footnotes":""},"categories":[2],"tags":[],"class_list":["post-48375","post","type-post","status-publish","format-standard","hentry","category-locales"],"_links":{"self":[{"href":"https:\/\/masquenoticiastucuman.com.ar\/index.php?rest_route=\/wp\/v2\/posts\/48375","targetHints":{"allow":["GET"]}}],"collection":[{"href":"https:\/\/masquenoticiastucuman.com.ar\/index.php?rest_route=\/wp\/v2\/posts"}],"about":[{"href":"https:\/\/masquenoticiastucuman.com.ar\/index.php?rest_route=\/wp\/v2\/types\/post"}],"author":[{"embeddable":true,"href":"https:\/\/masquenoticiastucuman.com.ar\/index.php?rest_route=\/wp\/v2\/users\/2"}],"replies":[{"embeddable":true,"href":"https:\/\/masquenoticiastucuman.com.ar\/index.php?rest_route=%2Fwp%2Fv2%2Fcomments&post=48375"}],"version-history":[{"count":1,"href":"https:\/\/masquenoticiastucuman.com.ar\/index.php?rest_route=\/wp\/v2\/posts\/48375\/revisions"}],"predecessor-version":[{"id":48378,"href":"https:\/\/masquenoticiastucuman.com.ar\/index.php?rest_route=\/wp\/v2\/posts\/48375\/revisions\/48378"}],"wp:attachment":[{"href":"https:\/\/masquenoticiastucuman.com.ar\/index.php?rest_route=%2Fwp%2Fv2%2Fmedia&parent=48375"}],"wp:term":[{"taxonomy":"category","embeddable":true,"href":"https:\/\/masquenoticiastucuman.com.ar\/index.php?rest_route=%2Fwp%2Fv2%2Fcategories&post=48375"},{"taxonomy":"post_tag","embeddable":true,"href":"https:\/\/masquenoticiastucuman.com.ar\/index.php?rest_route=%2Fwp%2Fv2%2Ftags&post=48375"}],"curies":[{"name":"wp","href":"https:\/\/api.w.org\/{rel}","templated":true}]}}