{"id":48379,"date":"2025-10-19T13:01:03","date_gmt":"2025-10-19T16:01:03","guid":{"rendered":"http:\/\/masquenoticiastucuman.com.ar\/?p=48379"},"modified":"2025-10-19T13:01:03","modified_gmt":"2025-10-19T16:01:03","slug":"que-tener-en-cuenta-en-los-lotes-de-maiz-que-pasan-a-siembras-tardias","status":"publish","type":"post","link":"https:\/\/masquenoticiastucuman.com.ar\/?p=48379","title":{"rendered":"Qu\u00e9 tener en cuenta en los lotes de ma\u00edz que pasan a siembras tard\u00edas"},"content":{"rendered":"<ul>\n<li>En algunas zonas los excesos h\u00eddricos obligaron a posponer la siembra del cereal. <\/li>\n<li>Es fundamental la elecci\u00f3n de la gen\u00e9tica y el h\u00edbrido adaptado al ambiente.<\/li>\n<\/ul>","protected":false},"excerpt":{"rendered":"<p>En algunas zonas los excesos h\u00eddricos obligaron a posponer la siembra del cereal. Es fundamental&#8230;<\/p>\n","protected":false},"author":1,"featured_media":0,"comment_status":"open","ping_status":"open","sticky":false,"template":"","format":"standard","meta":{"footnotes":""},"categories":[],"tags":[],"class_list":["post-48379","post","type-post","status-publish","format-standard","hentry"],"_links":{"self":[{"href":"https:\/\/masquenoticiastucuman.com.ar\/index.php?rest_route=\/wp\/v2\/posts\/48379","targetHints":{"allow":["GET"]}}],"collection":[{"href":"https:\/\/masquenoticiastucuman.com.ar\/index.php?rest_route=\/wp\/v2\/posts"}],"about":[{"href":"https:\/\/masquenoticiastucuman.com.ar\/index.php?rest_route=\/wp\/v2\/types\/post"}],"author":[{"embeddable":true,"href":"https:\/\/masquenoticiastucuman.com.ar\/index.php?rest_route=\/wp\/v2\/users\/1"}],"replies":[{"embeddable":true,"href":"https:\/\/masquenoticiastucuman.com.ar\/index.php?rest_route=%2Fwp%2Fv2%2Fcomments&post=48379"}],"version-history":[{"count":0,"href":"https:\/\/masquenoticiastucuman.com.ar\/index.php?rest_route=\/wp\/v2\/posts\/48379\/revisions"}],"wp:attachment":[{"href":"https:\/\/masquenoticiastucuman.com.ar\/index.php?rest_route=%2Fwp%2Fv2%2Fmedia&parent=48379"}],"wp:term":[{"taxonomy":"category","embeddable":true,"href":"https:\/\/masquenoticiastucuman.com.ar\/index.php?rest_route=%2Fwp%2Fv2%2Fcategories&post=48379"},{"taxonomy":"post_tag","embeddable":true,"href":"https:\/\/masquenoticiastucuman.com.ar\/index.php?rest_route=%2Fwp%2Fv2%2Ftags&post=48379"}],"curies":[{"name":"wp","href":"https:\/\/api.w.org\/{rel}","templated":true}]}}