{"id":48387,"date":"2025-10-19T21:31:04","date_gmt":"2025-10-20T00:31:04","guid":{"rendered":"http:\/\/masquenoticiastucuman.com.ar\/?p=48387"},"modified":"2025-10-19T21:31:04","modified_gmt":"2025-10-20T00:31:04","slug":"flamengo-mete-miedo-en-la-previa-de-las-semis-con-racing-bajo-a-botafogo-y-a-palmeiras-y-alcanzo-la-cima-del-brasileirao","status":"publish","type":"post","link":"https:\/\/masquenoticiastucuman.com.ar\/?p=48387","title":{"rendered":"Flamengo mete miedo en la previa de las semis con Racing: baj\u00f3 a Botafogo y a Palmeiras y alcanz\u00f3 la cima del Brasileirao"},"content":{"rendered":"<ul>\n<li>Filipe Luis puso a todos los titulares y, con la victoria, alcanz\u00f3 al Verdao en la cima del Brasileirao.<\/li>\n<li>El mi\u00e9rcoles se enfrenta con Racing en el Maracan\u00e1 de R\u00edo de Janeiro.<\/li>\n<\/ul>\n<p>\u200bFilipe Luis puso a todos los titulares y, con la victoria, alcanz\u00f3 al Verdao en la cima del Brasileirao.El mi\u00e9rcoles se enfrenta con Racing en el Maracan\u00e1 de R\u00edo de Janeiro.\u00a0<a href=\"https:\/\/www.clarin.com\/deportes\/flamengo-mete-miedo-previa-semis-racing-botafogo-palmeiras-alcanzo-cima-brasileirao_0_YwpiAlqkVc.html\" target=\"_blank\" class=\"feedzy-rss-link-icon\">Read More<\/a><\/p>","protected":false},"excerpt":{"rendered":"<p>Filipe Luis puso a todos los titulares y, con la victoria, alcanz\u00f3 al Verdao en&#8230;<\/p>\n","protected":false},"author":1,"featured_media":0,"comment_status":"open","ping_status":"open","sticky":false,"template":"","format":"standard","meta":{"footnotes":""},"categories":[1],"tags":[],"class_list":["post-48387","post","type-post","status-publish","format-standard","hentry","category-uncategorized"],"_links":{"self":[{"href":"https:\/\/masquenoticiastucuman.com.ar\/index.php?rest_route=\/wp\/v2\/posts\/48387","targetHints":{"allow":["GET"]}}],"collection":[{"href":"https:\/\/masquenoticiastucuman.com.ar\/index.php?rest_route=\/wp\/v2\/posts"}],"about":[{"href":"https:\/\/masquenoticiastucuman.com.ar\/index.php?rest_route=\/wp\/v2\/types\/post"}],"author":[{"embeddable":true,"href":"https:\/\/masquenoticiastucuman.com.ar\/index.php?rest_route=\/wp\/v2\/users\/1"}],"replies":[{"embeddable":true,"href":"https:\/\/masquenoticiastucuman.com.ar\/index.php?rest_route=%2Fwp%2Fv2%2Fcomments&post=48387"}],"version-history":[{"count":0,"href":"https:\/\/masquenoticiastucuman.com.ar\/index.php?rest_route=\/wp\/v2\/posts\/48387\/revisions"}],"wp:attachment":[{"href":"https:\/\/masquenoticiastucuman.com.ar\/index.php?rest_route=%2Fwp%2Fv2%2Fmedia&parent=48387"}],"wp:term":[{"taxonomy":"category","embeddable":true,"href":"https:\/\/masquenoticiastucuman.com.ar\/index.php?rest_route=%2Fwp%2Fv2%2Fcategories&post=48387"},{"taxonomy":"post_tag","embeddable":true,"href":"https:\/\/masquenoticiastucuman.com.ar\/index.php?rest_route=%2Fwp%2Fv2%2Ftags&post=48387"}],"curies":[{"name":"wp","href":"https:\/\/api.w.org\/{rel}","templated":true}]}}