{"id":48393,"date":"2025-10-20T06:59:56","date_gmt":"2025-10-20T09:59:56","guid":{"rendered":"https:\/\/masquenoticiastucuman.com.ar\/?p=48393"},"modified":"2025-10-20T06:59:56","modified_gmt":"2025-10-20T09:59:56","slug":"salud-celebro-el-dia-de-la-madre-junto-a-pacientes-de-la-maternidad","status":"publish","type":"post","link":"https:\/\/masquenoticiastucuman.com.ar\/?p=48393","title":{"rendered":"Salud celebr\u00f3 el D\u00eda de la Madre junto a pacientes de la Maternidad"},"content":{"rendered":"\n<p>La jornada tambi\u00e9n fue una oportunidad para saludar y reconocer a las madres que forman parte del sistema de salud, quienes cumplen una doble labor: la de ser profesionales comprometidas y madres dedicadas.<\/p>\n\n\n\n<p id=\"isPasted\">En el marco del D\u00eda de la Madre, el responsable de la cartera Sanitaria, doctor&nbsp;<strong>Luis Medina Ruiz<\/strong>, visit\u00f3 la Maternidad para compartir un emotivo encuentro con las madres que hoy celebran esta fecha tan especial.<\/p>\n\n\n\n<p>Durante la recorrida, se destac\u00f3 el testimonio de numerosas pacientes, quienes expresaron su gratitud por la calidad humana y t\u00e9cnica del equipo de salud. \u201cMuchas de ellas provienen de distintas provincias o cuentan con obra social, pero coincidieron en resaltar el trato humanizado y la excelencia profesional recibida en el establecimiento\u201d, coment\u00f3.<\/p>\n\n\n\n<p><strong>\u201cHay muchas madres que hoy inauguran su rol de madre, porque nacieron sus hijos el d\u00eda de ayer, y realmente nos emocionaron los sus testimonios en los que nos contaron sobre el buen trato de todo el hospital para con ellas\u201d, detall\u00f3 el Ministro.<\/strong><\/p>\n\n\n\n<p>Uno de los momentos m\u00e1s conmovedores fue la historia de&nbsp;<strong>Celeste<\/strong>, una joven madre recientemente operada del coraz\u00f3n, cuyo beb\u00e9 naci\u00f3 sano y se encuentra en pleno crecimiento. Su caso fue reconocido como un verdadero testimonio de lucha y esperanza, posible gracias al compromiso del sistema de salud p\u00fablica de la provincia.<\/p>\n\n\n\n<p>\u201cEste tipo de historias nos llena de orgullo y reafirman que Tucum\u00e1n cuenta con una salud de primer nivel, fruto de una inversi\u00f3n sostenida y de una fuerte decisi\u00f3n pol\u00edtica por parte del gobernador en uso de licencia, contador&nbsp;<strong>Osvaldo Jaldo<\/strong>, quien apuesta firmemente al fortalecimiento de la salud p\u00fablica\u201d, expres\u00f3.<\/p>\n\n\n\n<p>\u201cHoy festejamos el D\u00eda de la Madre con nuestras compa\u00f1eras de trabajo, con todas las mam\u00e1s que trabajan en nuestro sistema de salud y que atienden a tantas madres en la provincia de Tucum\u00e1n. Traemos adem\u00e1s el saludo del gobernador para todas las madres del Sistema de Salud y a las madres tucumanas que cuentan con nuestra total contenci\u00f3n\u201d,<\/p>\n\n\n\n<p>La jornada tambi\u00e9n fue una oportunidad para saludar y reconocer a las madres que forman parte del sistema de salud, quienes cumplen una doble labor: la de ser profesionales comprometidas y madres dedicadas.<\/p>\n\n\n\n<p>El doctor<strong>&nbsp;Luis Agote<\/strong>, director del Instituto de Maternidad, acompa\u00f1\u00f3 la visita y destac\u00f3: \u201cEstas recorridas son habituales por parte del Ministro de Salud, que suele acercarse a los pisos de obstetricia y ginecolog\u00eda para conversar con las pacientes. Lo que buscamos no es solo saludar, sino tambi\u00e9n invitar a las mujeres a compartir sus experiencias personales. Muchas veces una mam\u00e1 que ya ha pasado por este proceso puede transmitir confianza a otras mujeres que est\u00e1n embarazadas y que, en alg\u00fan momento, llegar\u00e1n a esta maternidad\u201d.<\/p>\n\n\n\n<p>El doctor Agote tambi\u00e9n se\u00f1al\u00f3 que durante la jornada se visitaron aproximadamente 50 habitaciones, donde se entregaron kits de bienvenida para reci\u00e9n nacidos, que incluyeron una muda de ropa y una toalla personal para las madres.<\/p>\n\n\n\n<p>Adem\u00e1s, se realiz\u00f3 un gesto especial hacia la primera madre que dio a luz en el D\u00eda de la Madre, a la 1:27 de la madrugada, quien recibi\u00f3 el saludo y reconocimiento de las autoridades.<\/p>\n\n\n\n<p>\u201cCreo que es algo que todos valoramos profundamente, tengamos o no a nuestras madres con nosotros. En lo personal, aunque mi madre ya no est\u00e1, siempre la tengo presente como gu\u00eda. Las madres son, sin duda, las personas que nos marcan y nos acompa\u00f1an desde el primer minuto de vida. Por eso, quiero enviar un afectuoso saludo a todas las madres en su d\u00eda\u201d, agreg\u00f3 Agote.<\/p>\n\n\n\n<p>La subdirectora m\u00e9dica del efector, doctora&nbsp;<strong>Gloria Ferreyra<\/strong>, cont\u00f3 que en la Residencia de Madres siempre realizan actividades y en momentos tan importantes se les prepara alguna comida especial para que puedan disfrutar junto a sus familias.<\/p>\n\n\n\n<p>\u201cGeneralmente, vienen los familiares y pueden estar todos cerca de los beb\u00e9s que est\u00e1n internados. En la residencia de madres tenemos capacidad para 50 mam\u00e1s y en este momento tenemos alrededor de 25 madres acompa\u00f1ando a sus ni\u00f1os\u201d, detall\u00f3.<\/p>\n\n\n\n<p>La doctora Ferreyra, dej\u00f3 un mensaje claro y emotivo a todas las mujeres embarazadas y madres de la provincia: \u201cLo m\u00e1s importante es que se sientan acompa\u00f1adas aqu\u00ed en Maternidad, ya que trabajamos para brindarles la mejor atenci\u00f3n posible. Les pedimos que se cuiden durante el embarazo, que realicen todos los controles necesarios para que puedan tener ni\u00f1os saludables, y que recuerden que estamos a disposici\u00f3n para acompa\u00f1arlas en todo lo que necesiten\u201d.<\/p>\n\n\n\n<p>Una de las historias que conmovi\u00f3 especialmente fue la de Celeste, una joven madre que atraves\u00f3 una situaci\u00f3n cr\u00edtica de salud durante su embarazo. \u201cYo llegu\u00e9 al hospital con una cardiopat\u00eda, embarazada de 26 semanas. Me tuvieron que hacer un cambio de v\u00e1lvula mitral, fue una cirug\u00eda de alto riesgo y no sab\u00edamos si \u00edbamos a salir adelante mi hijo y yo\u201d, relat\u00f3 Celeste.<\/p>\n\n\n\n<p>Y agreg\u00f3: \u201cFue un milagro, estuvimos tres meses internados con mi beb\u00e9, y hoy est\u00e1 creciendo muy bien, ya pesa 3,7 kilos. Solo falta que baje un poco m\u00e1s el ox\u00edgeno y con fe sabemos que pronto nos iremos a casa. Agradezco al se\u00f1or gobernador en uso de licencia, Osvaldo Jaldo y a todo el equipo m\u00e9dico por todo lo que hicieron por nosotros\u201d, enfatiz\u00f3.<\/p>\n\n\n\n<p>\u201cEs muy emocionante, nunca imagin\u00e9 pasarlo en el hospital, pero me siento muy acompa\u00f1ada por mi familia, por el personal de salud y tambi\u00e9n por las otras mam\u00e1s con las que compartimos este camino. Incluso recibimos un obsequio, por lo que estoy muy agradecida con todos\u201d, cerr\u00f3.<\/p>\n","protected":false},"excerpt":{"rendered":"<p>La jornada tambi\u00e9n fue una oportunidad para saludar y reconocer a las madres que forman&#8230;<\/p>\n","protected":false},"author":2,"featured_media":0,"comment_status":"open","ping_status":"open","sticky":false,"template":"","format":"standard","meta":{"footnotes":""},"categories":[2],"tags":[],"class_list":["post-48393","post","type-post","status-publish","format-standard","hentry","category-locales"],"_links":{"self":[{"href":"https:\/\/masquenoticiastucuman.com.ar\/index.php?rest_route=\/wp\/v2\/posts\/48393","targetHints":{"allow":["GET"]}}],"collection":[{"href":"https:\/\/masquenoticiastucuman.com.ar\/index.php?rest_route=\/wp\/v2\/posts"}],"about":[{"href":"https:\/\/masquenoticiastucuman.com.ar\/index.php?rest_route=\/wp\/v2\/types\/post"}],"author":[{"embeddable":true,"href":"https:\/\/masquenoticiastucuman.com.ar\/index.php?rest_route=\/wp\/v2\/users\/2"}],"replies":[{"embeddable":true,"href":"https:\/\/masquenoticiastucuman.com.ar\/index.php?rest_route=%2Fwp%2Fv2%2Fcomments&post=48393"}],"version-history":[{"count":1,"href":"https:\/\/masquenoticiastucuman.com.ar\/index.php?rest_route=\/wp\/v2\/posts\/48393\/revisions"}],"predecessor-version":[{"id":48395,"href":"https:\/\/masquenoticiastucuman.com.ar\/index.php?rest_route=\/wp\/v2\/posts\/48393\/revisions\/48395"}],"wp:attachment":[{"href":"https:\/\/masquenoticiastucuman.com.ar\/index.php?rest_route=%2Fwp%2Fv2%2Fmedia&parent=48393"}],"wp:term":[{"taxonomy":"category","embeddable":true,"href":"https:\/\/masquenoticiastucuman.com.ar\/index.php?rest_route=%2Fwp%2Fv2%2Fcategories&post=48393"},{"taxonomy":"post_tag","embeddable":true,"href":"https:\/\/masquenoticiastucuman.com.ar\/index.php?rest_route=%2Fwp%2Fv2%2Ftags&post=48393"}],"curies":[{"name":"wp","href":"https:\/\/api.w.org\/{rel}","templated":true}]}}