{"id":48396,"date":"2025-10-20T08:18:42","date_gmt":"2025-10-20T11:18:42","guid":{"rendered":"https:\/\/masquenoticiastucuman.com.ar\/?p=48396"},"modified":"2025-10-20T08:18:43","modified_gmt":"2025-10-20T11:18:43","slug":"el-canal-sur-funciono-correctamente-tras-las-intensas-lluvias-registradas","status":"publish","type":"post","link":"https:\/\/masquenoticiastucuman.com.ar\/?p=48396","title":{"rendered":"El Canal Sur funcion\u00f3 correctamente tras las intensas lluvias registradas"},"content":{"rendered":"\n<p>Tras las intensas lluvias, el Canal Sur tuvo un correcto funcionamiento gracias a los trabajos preventivos del Ministerio de Obras P\u00fablicas.<\/p>\n\n\n\n<p id=\"isPasted\">Durante la jornada del s\u00e1bado, el director de la Direcci\u00f3n Provincial del Agua (DPA),&nbsp;<strong>Marcelo Cancellieri<\/strong>, supervis\u00f3 el comportamiento del Canal Sur luego de las intensas precipitaciones registradas en el Gran San Miguel de Tucum\u00e1n.<\/p>\n\n\n\n<p>El correcto escurrimiento del agua se debi\u00f3 a las tareas de limpieza, desmalezamiento y mejoras estructurales ejecutadas en distintos puntos del canal, en el marco del Plan Pre Lluvia, que impulsa el Ministerio de Obras, Infraestructura y Transporte P\u00fablico, del cual depende la DPA.<\/p>\n\n\n\n<p>Cancellieri destac\u00f3 que los resultados son fruto de un trabajo planificado y sostenido:&nbsp;<strong>\u201cEl mantenimiento preventivo que realizamos durante todo el a\u00f1o garantiza que, ante lluvias intensas, el sistema h\u00eddrico responda de manera eficiente y segura para la comunidad.\u201d<\/strong><\/p>\n\n\n\n<p>\u201cEstas pol\u00edticas de mejora en infraestructura h\u00eddrica son las que nos encomend\u00f3 el gobernador&nbsp;<strong>Osvaldo Jaldo<\/strong>, y que realizamos por instrucciones del ministro&nbsp;<strong>Marcelo Nazur,<\/strong>&nbsp;con el fin de garantizar la seguridad de los vecinos y comercios de la zona\u201d, a\u00f1adi\u00f3.<\/p>\n\n\n\n<p>Estas acciones forman parte de la decisi\u00f3n pol\u00edtica del gobernador Osvaldo Jaldo de fortalecer la infraestructura h\u00eddrica provincial, con el objetivo de proteger a las familias tucumanas y acompa\u00f1ar el desarrollo urbano y productivo de la provincia.<\/p>\n","protected":false},"excerpt":{"rendered":"<p>Tras las intensas lluvias, el Canal Sur tuvo un correcto funcionamiento gracias a los trabajos&#8230;<\/p>\n","protected":false},"author":2,"featured_media":0,"comment_status":"open","ping_status":"open","sticky":false,"template":"","format":"standard","meta":{"footnotes":""},"categories":[2],"tags":[],"class_list":["post-48396","post","type-post","status-publish","format-standard","hentry","category-locales"],"_links":{"self":[{"href":"https:\/\/masquenoticiastucuman.com.ar\/index.php?rest_route=\/wp\/v2\/posts\/48396","targetHints":{"allow":["GET"]}}],"collection":[{"href":"https:\/\/masquenoticiastucuman.com.ar\/index.php?rest_route=\/wp\/v2\/posts"}],"about":[{"href":"https:\/\/masquenoticiastucuman.com.ar\/index.php?rest_route=\/wp\/v2\/types\/post"}],"author":[{"embeddable":true,"href":"https:\/\/masquenoticiastucuman.com.ar\/index.php?rest_route=\/wp\/v2\/users\/2"}],"replies":[{"embeddable":true,"href":"https:\/\/masquenoticiastucuman.com.ar\/index.php?rest_route=%2Fwp%2Fv2%2Fcomments&post=48396"}],"version-history":[{"count":1,"href":"https:\/\/masquenoticiastucuman.com.ar\/index.php?rest_route=\/wp\/v2\/posts\/48396\/revisions"}],"predecessor-version":[{"id":48398,"href":"https:\/\/masquenoticiastucuman.com.ar\/index.php?rest_route=\/wp\/v2\/posts\/48396\/revisions\/48398"}],"wp:attachment":[{"href":"https:\/\/masquenoticiastucuman.com.ar\/index.php?rest_route=%2Fwp%2Fv2%2Fmedia&parent=48396"}],"wp:term":[{"taxonomy":"category","embeddable":true,"href":"https:\/\/masquenoticiastucuman.com.ar\/index.php?rest_route=%2Fwp%2Fv2%2Fcategories&post=48396"},{"taxonomy":"post_tag","embeddable":true,"href":"https:\/\/masquenoticiastucuman.com.ar\/index.php?rest_route=%2Fwp%2Fv2%2Ftags&post=48396"}],"curies":[{"name":"wp","href":"https:\/\/api.w.org\/{rel}","templated":true}]}}