{"id":48416,"date":"2025-10-20T11:51:00","date_gmt":"2025-10-20T14:51:00","guid":{"rendered":"https:\/\/masquenoticiastucuman.com.ar\/?p=48416"},"modified":"2025-10-20T11:51:01","modified_gmt":"2025-10-20T14:51:01","slug":"inauguracion-de-una-sala-de-duelo-perinatal-en-el-hospital-regional-de-concepcion","status":"publish","type":"post","link":"https:\/\/masquenoticiastucuman.com.ar\/?p=48416","title":{"rendered":"Inauguraci\u00f3n de una Sala de Duelo Perinatal en el Hospital Regional de Concepci\u00f3n"},"content":{"rendered":"\n<p>El espacio cuenta con un equipo interdisciplinario destinado a la contenci\u00f3n familiar y el procesamiento del duelo, est\u00e1 desarrollado en base a los lineamientos del Ministerio de Salud P\u00fablica a cargo del doctor Luis Medina Ruiz.<\/p>\n\n\n\n<p id=\"isPasted\">Al respecto, el doctor&nbsp;<strong>Hugo Perea<\/strong>, jefe del Servicio de la Neonatolog\u00eda del Hospital Regional Concepci\u00f3n coment\u00f3: \u201cHay beb\u00e9s que nacen fallecidos, pacientes que est\u00e1n muy graves o tienen la triste realidad de fallecer en nuestro servicio y no cont\u00e1bamos con un espacio apropiado para la familia, para que procese ese duelo en las primeras horas de este luctuoso acontecimiento. En este marco, trabajamos con la referente de Duelo Perinatal de la Provincia, la doctora&nbsp;<strong>Mar\u00eda de los \u00c1ngeles Soraire<\/strong>&nbsp;y con la direcci\u00f3n del efector, a cargo de la doctora&nbsp;<strong>Lorena Arteaga<\/strong>&nbsp;que brind\u00f3 todo el apoyo para concretar este proyecto. La salita requer\u00eda modificaciones y se pudo concretar r\u00e1pidamente, se lleg\u00f3 a tiempo, porque estamos en la Semana Mundial del Duelo Perinatal\u201d.<\/p>\n\n\n\n<p>En tanto, indic\u00f3: \u201cHay muchas mam\u00e1s que han transitado este duelo con poco acompa\u00f1amiento y eso es lo que se busca, que est\u00e9n acompa\u00f1adas por sus familias, por todo un equipo interdisciplinario, psic\u00f3logo, el mismo m\u00e9dico, enfermer\u00eda, todos en un protocolo para ese dif\u00edcil momento. No es solo el espacio f\u00edsico, nosotros acompa\u00f1amos a esa familia doliente, protocolizamos este tipo de duelo, que obviamente es el m\u00e1s complicado de todos, porque la p\u00e9rdida de un hijo, es muy complejo afrontarla\u201d.<\/p>\n\n\n\n<p>Finalmente, el doctor Perea explic\u00f3: \u201cTenemos nuestra psic\u00f3loga de la Neo, la&nbsp;<strong>licenciada Ana L\u00f3pez<\/strong>, que tambi\u00e9n es el alma mater de este proyecto y, el acompa\u00f1amiento del servicio de telepsicolog\u00eda. Intentamos llegar a todas las pacientes, ya sea que vivan en un lugar lejano o cercano, ya que con telemedicina podemos acceder a distintos puntos de la provincia, teniendo en cuenta que el hospital de Concepci\u00f3n es Regional y es un referente del sur.<\/p>\n\n\n\n<p>Participaron del evento, la jefa de la unidad de Cuidados Paliativos del Instituto Maternidad y referente del programa Trascender Acompa\u00f1ados,&nbsp;<strong>Mar\u00eda de los \u00c1ngeles Soraire<\/strong>, la directora del Hospital Regional de Concepci\u00f3n,&nbsp;<strong>Lorena Arteaga<\/strong>&nbsp;y referentes de los diferentes servicios del efector.<\/p>\n","protected":false},"excerpt":{"rendered":"<p>El espacio cuenta con un equipo interdisciplinario destinado a la contenci\u00f3n familiar y el procesamiento&#8230;<\/p>\n","protected":false},"author":2,"featured_media":0,"comment_status":"open","ping_status":"open","sticky":false,"template":"","format":"standard","meta":{"footnotes":""},"categories":[2],"tags":[],"class_list":["post-48416","post","type-post","status-publish","format-standard","hentry","category-locales"],"_links":{"self":[{"href":"https:\/\/masquenoticiastucuman.com.ar\/index.php?rest_route=\/wp\/v2\/posts\/48416","targetHints":{"allow":["GET"]}}],"collection":[{"href":"https:\/\/masquenoticiastucuman.com.ar\/index.php?rest_route=\/wp\/v2\/posts"}],"about":[{"href":"https:\/\/masquenoticiastucuman.com.ar\/index.php?rest_route=\/wp\/v2\/types\/post"}],"author":[{"embeddable":true,"href":"https:\/\/masquenoticiastucuman.com.ar\/index.php?rest_route=\/wp\/v2\/users\/2"}],"replies":[{"embeddable":true,"href":"https:\/\/masquenoticiastucuman.com.ar\/index.php?rest_route=%2Fwp%2Fv2%2Fcomments&post=48416"}],"version-history":[{"count":1,"href":"https:\/\/masquenoticiastucuman.com.ar\/index.php?rest_route=\/wp\/v2\/posts\/48416\/revisions"}],"predecessor-version":[{"id":48418,"href":"https:\/\/masquenoticiastucuman.com.ar\/index.php?rest_route=\/wp\/v2\/posts\/48416\/revisions\/48418"}],"wp:attachment":[{"href":"https:\/\/masquenoticiastucuman.com.ar\/index.php?rest_route=%2Fwp%2Fv2%2Fmedia&parent=48416"}],"wp:term":[{"taxonomy":"category","embeddable":true,"href":"https:\/\/masquenoticiastucuman.com.ar\/index.php?rest_route=%2Fwp%2Fv2%2Fcategories&post=48416"},{"taxonomy":"post_tag","embeddable":true,"href":"https:\/\/masquenoticiastucuman.com.ar\/index.php?rest_route=%2Fwp%2Fv2%2Ftags&post=48416"}],"curies":[{"name":"wp","href":"https:\/\/api.w.org\/{rel}","templated":true}]}}