{"id":48420,"date":"2025-10-20T18:01:01","date_gmt":"2025-10-20T21:01:01","guid":{"rendered":"http:\/\/masquenoticiastucuman.com.ar\/?p=48420"},"modified":"2025-10-20T18:01:01","modified_gmt":"2025-10-20T21:01:01","slug":"advierten-que-el-agro-argentino-pierde-competitividad-por-suba-de-costos-y-precios-bajos","status":"publish","type":"post","link":"https:\/\/masquenoticiastucuman.com.ar\/?p=48420","title":{"rendered":"Advierten que el agro argentino pierde competitividad por suba de costos y precios bajos"},"content":{"rendered":"<ul>\n<li>Argentina es m\u00e1s cara en d\u00f3lares que los otros pa\u00edses de la regi\u00f3n en la mayor\u00eda de los insumos agropecuarios. <\/li>\n<\/ul>","protected":false},"excerpt":{"rendered":"<p>Argentina es m\u00e1s cara en d\u00f3lares que los otros pa\u00edses de la regi\u00f3n en la&#8230;<\/p>\n","protected":false},"author":1,"featured_media":0,"comment_status":"open","ping_status":"open","sticky":false,"template":"","format":"standard","meta":{"footnotes":""},"categories":[],"tags":[],"class_list":["post-48420","post","type-post","status-publish","format-standard","hentry"],"_links":{"self":[{"href":"https:\/\/masquenoticiastucuman.com.ar\/index.php?rest_route=\/wp\/v2\/posts\/48420","targetHints":{"allow":["GET"]}}],"collection":[{"href":"https:\/\/masquenoticiastucuman.com.ar\/index.php?rest_route=\/wp\/v2\/posts"}],"about":[{"href":"https:\/\/masquenoticiastucuman.com.ar\/index.php?rest_route=\/wp\/v2\/types\/post"}],"author":[{"embeddable":true,"href":"https:\/\/masquenoticiastucuman.com.ar\/index.php?rest_route=\/wp\/v2\/users\/1"}],"replies":[{"embeddable":true,"href":"https:\/\/masquenoticiastucuman.com.ar\/index.php?rest_route=%2Fwp%2Fv2%2Fcomments&post=48420"}],"version-history":[{"count":0,"href":"https:\/\/masquenoticiastucuman.com.ar\/index.php?rest_route=\/wp\/v2\/posts\/48420\/revisions"}],"wp:attachment":[{"href":"https:\/\/masquenoticiastucuman.com.ar\/index.php?rest_route=%2Fwp%2Fv2%2Fmedia&parent=48420"}],"wp:term":[{"taxonomy":"category","embeddable":true,"href":"https:\/\/masquenoticiastucuman.com.ar\/index.php?rest_route=%2Fwp%2Fv2%2Fcategories&post=48420"},{"taxonomy":"post_tag","embeddable":true,"href":"https:\/\/masquenoticiastucuman.com.ar\/index.php?rest_route=%2Fwp%2Fv2%2Ftags&post=48420"}],"curies":[{"name":"wp","href":"https:\/\/api.w.org\/{rel}","templated":true}]}}